{"id":6112,"date":"2023-12-21T16:07:44","date_gmt":"2023-12-21T15:07:44","guid":{"rendered":"https:\/\/t21learning.institutlejeune.org\/?p=6112"},"modified":"2024-01-05T17:58:14","modified_gmt":"2024-01-05T16:58:14","slug":"trastorno-espectro-autista-t21","status":"publish","type":"post","link":"https:\/\/t21learning.institutlejeune.org\/es\/trastorno-espectro-autista-t21\/","title":{"rendered":"Trastorno del espectro autista"},"content":{"rendered":"\t\t<div data-elementor-type=\"wp-post\" data-elementor-id=\"6112\" class=\"elementor elementor-6112\" data-elementor-post-type=\"post\">\n\t\t\t\t\t\t<section class=\"elementor-section elementor-top-section elementor-element elementor-element-bcd2501 elementor-section-boxed elementor-section-height-default elementor-section-height-default\" data-id=\"bcd2501\" data-element_type=\"section\" data-e-type=\"section\">\n\t\t\t\t\t\t<div class=\"elementor-container elementor-column-gap-default\">\n\t\t\t\t\t<div class=\"elementor-column elementor-col-100 elementor-top-column elementor-element elementor-element-3d33776\" data-id=\"3d33776\" data-element_type=\"column\" data-e-type=\"column\">\n\t\t\t<div class=\"elementor-widget-wrap elementor-element-populated\">\n\t\t\t\t\t\t<div class=\"elementor-element elementor-element-739d8ae elementor-widget elementor-widget-text-editor\" data-id=\"739d8ae\" data-element_type=\"widget\" data-e-type=\"widget\" data-widget_type=\"text-editor.default\">\n\t\t\t\t<div class=\"elementor-widget-container\">\n\t\t\t\t\t\t\t\t\t<p><strong>MANIFESTACIONES PSIQUI\u00c1TRICAS<\/strong><\/p><p><strong>\u00a0<\/strong><\/p>\t\t\t\t\t\t\t\t<\/div>\n\t\t\t\t<\/div>\n\t\t\t\t<div class=\"elementor-element elementor-element-f3e818e elementor-widget elementor-widget-heading\" data-id=\"f3e818e\" data-element_type=\"widget\" data-e-type=\"widget\" data-widget_type=\"heading.default\">\n\t\t\t\t<div class=\"elementor-widget-container\">\n\t\t\t\t\t<h2 class=\"elementor-heading-title elementor-size-default\">Trastorno del espectro autista<\/h2>\t\t\t\t<\/div>\n\t\t\t\t<\/div>\n\t\t\t\t<div class=\"elementor-element elementor-element-94c524a elementor-widget elementor-widget-spacer\" data-id=\"94c524a\" data-element_type=\"widget\" data-e-type=\"widget\" data-widget_type=\"spacer.default\">\n\t\t\t\t<div class=\"elementor-widget-container\">\n\t\t\t\t\t\t\t<div class=\"elementor-spacer\">\n\t\t\t<div class=\"elementor-spacer-inner\"><\/div>\n\t\t<\/div>\n\t\t\t\t\t\t<\/div>\n\t\t\t\t<\/div>\n\t\t\t\t\t<\/div>\n\t\t<\/div>\n\t\t\t\t\t<\/div>\n\t\t<\/section>\n\t\t\t\t<section class=\"elementor-section elementor-top-section elementor-element elementor-element-4166f5b elementor-section-boxed elementor-section-height-default elementor-section-height-default\" data-id=\"4166f5b\" data-element_type=\"section\" data-e-type=\"section\">\n\t\t\t\t\t\t<div class=\"elementor-container elementor-column-gap-default\">\n\t\t\t\t\t<div class=\"elementor-column elementor-col-33 elementor-top-column elementor-element elementor-element-a2f6aac\" data-id=\"a2f6aac\" data-element_type=\"column\" data-e-type=\"column\">\n\t\t\t<div class=\"elementor-widget-wrap elementor-element-populated\">\n\t\t\t\t\t\t<div class=\"elementor-element elementor-element-68055fa elementor-widget elementor-widget-image\" data-id=\"68055fa\" data-element_type=\"widget\" data-e-type=\"widget\" data-widget_type=\"image.default\">\n\t\t\t\t<div class=\"elementor-widget-container\">\n\t\t\t\t\t\t\t\t\t\t\t\t\t\t\t<img fetchpriority=\"high\" decoding=\"async\" width=\"932\" height=\"572\" src=\"https:\/\/t21learning.institutlejeune.org\/wp-content\/uploads\/2023\/12\/trouble-du-spectre-autistique.jpeg\" class=\"attachment-large size-large wp-image-5913\" alt=\"\" srcset=\"https:\/\/t21learning.institutlejeune.org\/wp-content\/uploads\/2023\/12\/trouble-du-spectre-autistique.jpeg 932w, https:\/\/t21learning.institutlejeune.org\/wp-content\/uploads\/2023\/12\/trouble-du-spectre-autistique-300x184.jpeg 300w, https:\/\/t21learning.institutlejeune.org\/wp-content\/uploads\/2023\/12\/trouble-du-spectre-autistique-768x471.jpeg 768w\" sizes=\"(max-width: 932px) 100vw, 932px\" \/>\t\t\t\t\t\t\t\t\t\t\t\t\t\t\t<\/div>\n\t\t\t\t<\/div>\n\t\t\t\t\t<\/div>\n\t\t<\/div>\n\t\t\t\t<div class=\"elementor-column elementor-col-66 elementor-top-column elementor-element elementor-element-a45ba83\" data-id=\"a45ba83\" data-element_type=\"column\" data-e-type=\"column\">\n\t\t\t<div class=\"elementor-widget-wrap elementor-element-populated\">\n\t\t\t\t\t\t<div class=\"elementor-element elementor-element-932f368 elementor-widget elementor-widget-toggle\" data-id=\"932f368\" data-element_type=\"widget\" data-e-type=\"widget\" data-widget_type=\"toggle.default\">\n\t\t\t\t<div class=\"elementor-widget-container\">\n\t\t\t\t\t\t\t<div class=\"elementor-toggle\">\n\t\t\t\t\t\t\t<div class=\"elementor-toggle-item\">\n\t\t\t\t\t<div id=\"elementor-tab-title-1541\" class=\"elementor-tab-title\" data-tab=\"1\" role=\"button\" aria-controls=\"elementor-tab-content-1541\" aria-expanded=\"false\">\n\t\t\t\t\t\t\t\t\t\t\t\t<span class=\"elementor-toggle-icon elementor-toggle-icon-left\" aria-hidden=\"true\">\n\t\t\t\t\t\t\t\t\t\t\t\t\t\t\t<span class=\"elementor-toggle-icon-closed\"><i class=\"fas fa-caret-right\"><\/i><\/span>\n\t\t\t\t\t\t\t\t<span class=\"elementor-toggle-icon-opened\"><i class=\"elementor-toggle-icon-opened fas fa-caret-up\"><\/i><\/span>\n\t\t\t\t\t\t\t\t\t\t\t\t\t<\/span>\n\t\t\t\t\t\t\t\t\t\t\t\t<a class=\"elementor-toggle-title\" tabindex=\"0\">ESQUEMA DEL CAP\u00cdTULO<\/a>\n\t\t\t\t\t<\/div>\n\n\t\t\t\t\t<div id=\"elementor-tab-content-1541\" class=\"elementor-tab-content elementor-clearfix\" data-tab=\"1\" role=\"region\" aria-labelledby=\"elementor-tab-title-1541\"><p><a href=\"https:\/\/t21learning.institutlejeune.org\/es\/funcionamiento-conductual-t21\/\" target=\"_blank\" rel=\"noopener\">1- El funcionamiento conductual<\/a><\/p><p>\u00a0<\/p><p><strong><a href=\"https:\/\/t21learning.institutlejeune.org\/es\/trastorno-espectro-autista-t21\/\" target=\"_blank\" rel=\"noopener\">2- Trastorno del espectro autista<\/a><\/strong><\/p><p>\u00a0<\/p><p><a href=\"https:\/\/t21learning.institutlejeune.org\/es\/tdah-t21\/\" target=\"_blank\" rel=\"noopener\">3- TDAH<\/a><\/p><p>\u00a0<\/p><p><a href=\"https:\/\/t21learning.institutlejeune.org\/es\/depresion-t21\/\" target=\"_blank\" rel=\"noopener\">4- Depresi\u00f3n<\/a><\/p><p>\u00a0<\/p><p><a href=\"https:\/\/t21learning.institutlejeune.org\/es\/regresion-catatonia-t21\/\" target=\"_blank\" rel=\"noopener\">5- Regresi\u00f3n y catatonia<\/a><\/p><p>\u00a0<\/p><p><a href=\"https:\/\/t21learning.institutlejeune.org\/es\/esquizofrenia-trastornos-psicoticos-t21\/\" target=\"_blank\" rel=\"noopener\">6- Esquizofrenia y trastornos psic\u00f3ticos<\/a><\/p><p>\u00a0<\/p><p><a href=\"https:\/\/t21learning.institutlejeune.org\/es\/toc-y-trastornos-afines-t21\/\" target=\"_blank\" rel=\"noopener\">7- TOC y trastornos afines<\/a><\/p><\/div>\n\t\t\t\t<\/div>\n\t\t\t\t\t\t\t\t<\/div>\n\t\t\t\t\t\t<\/div>\n\t\t\t\t<\/div>\n\t\t\t\t\t<\/div>\n\t\t<\/div>\n\t\t\t\t\t<\/div>\n\t\t<\/section>\n\t\t\t\t<section class=\"elementor-section elementor-top-section elementor-element elementor-element-da3cd7c elementor-section-boxed elementor-section-height-default elementor-section-height-default\" data-id=\"da3cd7c\" data-element_type=\"section\" data-e-type=\"section\">\n\t\t\t\t\t\t<div class=\"elementor-container elementor-column-gap-default\">\n\t\t\t\t\t<div class=\"elementor-column elementor-col-100 elementor-top-column elementor-element elementor-element-18c48beb\" data-id=\"18c48beb\" data-element_type=\"column\" data-e-type=\"column\">\n\t\t\t<div class=\"elementor-widget-wrap elementor-element-populated\">\n\t\t\t\t\t\t<div class=\"elementor-element elementor-element-6b33d20 elementor-widget elementor-widget-spacer\" data-id=\"6b33d20\" data-element_type=\"widget\" data-e-type=\"widget\" data-widget_type=\"spacer.default\">\n\t\t\t\t<div class=\"elementor-widget-container\">\n\t\t\t\t\t\t\t<div class=\"elementor-spacer\">\n\t\t\t<div class=\"elementor-spacer-inner\"><\/div>\n\t\t<\/div>\n\t\t\t\t\t\t<\/div>\n\t\t\t\t<\/div>\n\t\t\t\t<div class=\"elementor-element elementor-element-3acff4c elementor-widget elementor-widget-text-editor\" data-id=\"3acff4c\" data-element_type=\"widget\" data-e-type=\"widget\" data-widget_type=\"text-editor.default\">\n\t\t\t\t<div class=\"elementor-widget-container\">\n\t\t\t\t\t\t\t\t\t<p>Con la psiquiatra Dra. Laura Cretu, el Dr. Herv\u00e9 Walti, pediatra del Instituto J\u00e9r\u00f4me Lejeune, nos habla en este v\u00eddeo y en la ficha informativa que lo acompa\u00f1a sobre el trastorno del espectro autista presente en muchas personas con trisom\u00eda 21.<\/p><p>\u00a0<\/p><p>Descubra todo el cap\u00edtulo &#8220;Manifestaciones psiqui\u00e1tricas&#8221; haciendo clic en &#8220;Esquema del cap\u00edtulo&#8221; a la derecha de la imagen en la parte superior de la p\u00e1gina.<\/p>\t\t\t\t\t\t\t\t<\/div>\n\t\t\t\t<\/div>\n\t\t\t\t<div class=\"elementor-element elementor-element-985d68f elementor-widget elementor-widget-spacer\" data-id=\"985d68f\" data-element_type=\"widget\" data-e-type=\"widget\" data-widget_type=\"spacer.default\">\n\t\t\t\t<div class=\"elementor-widget-container\">\n\t\t\t\t\t\t\t<div class=\"elementor-spacer\">\n\t\t\t<div class=\"elementor-spacer-inner\"><\/div>\n\t\t<\/div>\n\t\t\t\t\t\t<\/div>\n\t\t\t\t<\/div>\n\t\t\t\t<div class=\"elementor-element elementor-element-ed6e280 elementor-widget elementor-widget-video\" data-id=\"ed6e280\" data-element_type=\"widget\" data-e-type=\"widget\" data-settings=\"{&quot;youtube_url&quot;:&quot;https:\\\/\\\/youtu.be\\\/fPOMNPk8BeU&quot;,&quot;video_type&quot;:&quot;youtube&quot;,&quot;controls&quot;:&quot;yes&quot;}\" data-widget_type=\"video.default\">\n\t\t\t\t<div class=\"elementor-widget-container\">\n\t\t\t\t\t\t\t<div class=\"elementor-wrapper elementor-open-inline\">\n\t\t\t<div class=\"elementor-video\"><\/div>\t\t<\/div>\n\t\t\t\t\t\t<\/div>\n\t\t\t\t<\/div>\n\t\t\t\t<div class=\"elementor-element elementor-element-d879305 elementor-widget elementor-widget-spacer\" data-id=\"d879305\" data-element_type=\"widget\" data-e-type=\"widget\" data-widget_type=\"spacer.default\">\n\t\t\t\t<div class=\"elementor-widget-container\">\n\t\t\t\t\t\t\t<div class=\"elementor-spacer\">\n\t\t\t<div class=\"elementor-spacer-inner\"><\/div>\n\t\t<\/div>\n\t\t\t\t\t\t<\/div>\n\t\t\t\t<\/div>\n\t\t\t\t<div class=\"elementor-element elementor-element-0594797 elementor-align-center elementor-widget elementor-widget-button\" data-id=\"0594797\" data-element_type=\"widget\" data-e-type=\"widget\" data-widget_type=\"button.default\">\n\t\t\t\t<div class=\"elementor-widget-container\">\n\t\t\t\t\t\t\t\t\t<div class=\"elementor-button-wrapper\">\n\t\t\t\t\t<a class=\"elementor-button elementor-button-link elementor-size-sm\" href=\"https:\/\/t21learning.institutlejeune.org\/wp-content\/uploads\/2023\/12\/4.2-Trastorno-del-espectro-autista-ES.pdf\" target=\"_blank\">\n\t\t\t\t\t\t<span class=\"elementor-button-content-wrapper\">\n\t\t\t\t\t\t\t\t\t<span class=\"elementor-button-text\">Descargar la ficha de s\u00edntesis<\/span>\n\t\t\t\t\t<\/span>\n\t\t\t\t\t<\/a>\n\t\t\t\t<\/div>\n\t\t\t\t\t\t\t\t<\/div>\n\t\t\t\t<\/div>\n\t\t\t\t<div class=\"elementor-element elementor-element-2d289a1 elementor-widget elementor-widget-spacer\" data-id=\"2d289a1\" data-element_type=\"widget\" data-e-type=\"widget\" data-widget_type=\"spacer.default\">\n\t\t\t\t<div class=\"elementor-widget-container\">\n\t\t\t\t\t\t\t<div class=\"elementor-spacer\">\n\t\t\t<div class=\"elementor-spacer-inner\"><\/div>\n\t\t<\/div>\n\t\t\t\t\t\t<\/div>\n\t\t\t\t<\/div>\n\t\t\t\t<div class=\"elementor-element elementor-element-09d9e5d elementor-widget elementor-widget-text-editor\" data-id=\"09d9e5d\" data-element_type=\"widget\" data-e-type=\"widget\" data-widget_type=\"text-editor.default\">\n\t\t\t\t<div class=\"elementor-widget-container\">\n\t\t\t\t\t\t\t\t\t<p>Descubra a continuaci\u00f3n la presentaci\u00f3n asociada a este v\u00eddeo.<\/p>\t\t\t\t\t\t\t\t<\/div>\n\t\t\t\t<\/div>\n\t\t\t\t<div class=\"elementor-element elementor-element-057dae3 elementor-widget elementor-widget-spacer\" data-id=\"057dae3\" data-element_type=\"widget\" data-e-type=\"widget\" data-widget_type=\"spacer.default\">\n\t\t\t\t<div class=\"elementor-widget-container\">\n\t\t\t\t\t\t\t<div class=\"elementor-spacer\">\n\t\t\t<div class=\"elementor-spacer-inner\"><\/div>\n\t\t<\/div>\n\t\t\t\t\t\t<\/div>\n\t\t\t\t<\/div>\n\t\t\t\t\t<\/div>\n\t\t<\/div>\n\t\t\t\t\t<\/div>\n\t\t<\/section>\n\t\t\t\t<section class=\"elementor-section elementor-top-section elementor-element elementor-element-67fc6d2 elementor-section-boxed elementor-section-height-default elementor-section-height-default\" data-id=\"67fc6d2\" data-element_type=\"section\" data-e-type=\"section\">\n\t\t\t\t\t\t<div class=\"elementor-container elementor-column-gap-default\">\n\t\t\t\t\t<div class=\"elementor-column elementor-col-100 elementor-top-column elementor-element elementor-element-adc6cf2\" data-id=\"adc6cf2\" data-element_type=\"column\" data-e-type=\"column\">\n\t\t\t<div class=\"elementor-widget-wrap elementor-element-populated\">\n\t\t\t\t\t\t<div class=\"elementor-element elementor-element-f2192a7 elementor-widget elementor-widget-shortcode\" data-id=\"f2192a7\" data-element_type=\"widget\" data-e-type=\"widget\" data-widget_type=\"shortcode.default\">\n\t\t\t\t<div class=\"elementor-widget-container\">\n\t\t\t\t\t\t\t<div class=\"elementor-shortcode\"><div class=\"_df_book df-lite\" id=\"df_6114\"  _slug=\"4-2-trastorno-del-espectro-autista\" data-title=\"4-2-trastorno-del-espectro-autista\" wpoptions=\"true\" thumbtype=\"\" ><\/div><script class=\"df-shortcode-script\" nowprocket type=\"application\/javascript\">window.option_df_6114 = {\"outline\":[],\"autoEnableOutline\":\"false\",\"autoEnableThumbnail\":\"false\",\"overwritePDFOutline\":\"false\",\"direction\":\"1\",\"pageSize\":\"0\",\"source\":\"https:\\\/\\\/t21learning.institutlejeune.org\\\/wp-content\\\/uploads\\\/2023\\\/12\\\/4.2-PDF-Trastorno-del-espectro-autista-ES.pdf\",\"wpOptions\":\"true\"}; if(window.DFLIP && window.DFLIP.parseBooks){window.DFLIP.parseBooks();}<\/script>\n<\/div>\n\t\t\t\t\t\t<\/div>\n\t\t\t\t<\/div>\n\t\t\t\t<div class=\"elementor-element elementor-element-4e0f511 elementor-widget elementor-widget-spacer\" data-id=\"4e0f511\" data-element_type=\"widget\" data-e-type=\"widget\" data-widget_type=\"spacer.default\">\n\t\t\t\t<div class=\"elementor-widget-container\">\n\t\t\t\t\t\t\t<div class=\"elementor-spacer\">\n\t\t\t<div class=\"elementor-spacer-inner\"><\/div>\n\t\t<\/div>\n\t\t\t\t\t\t<\/div>\n\t\t\t\t<\/div>\n\t\t\t\t<div class=\"elementor-element elementor-element-f625a75 elementor-align-justify btn-refs elementor-widget elementor-widget-button\" data-id=\"f625a75\" data-element_type=\"widget\" data-e-type=\"widget\" data-widget_type=\"button.default\">\n\t\t\t\t<div class=\"elementor-widget-container\">\n\t\t\t\t\t\t\t\t\t<div class=\"elementor-button-wrapper\">\n\t\t\t\t\t<a class=\"elementor-button elementor-button-link elementor-size-sm\" href=\"#\">\n\t\t\t\t\t\t<span class=\"elementor-button-content-wrapper\">\n\t\t\t\t\t\t\t\t\t<span class=\"elementor-button-text\">Ver la referencias<\/span>\n\t\t\t\t\t<\/span>\n\t\t\t\t\t<\/a>\n\t\t\t\t<\/div>\n\t\t\t\t\t\t\t\t<\/div>\n\t\t\t\t<\/div>\n\t\t\t\t<section class=\"elementor-section elementor-inner-section elementor-element elementor-element-b720bb6 div-refs div-refs-closed elementor-section-boxed elementor-section-height-default elementor-section-height-default\" data-id=\"b720bb6\" data-element_type=\"section\" data-e-type=\"section\">\n\t\t\t\t\t\t<div class=\"elementor-container elementor-column-gap-default\">\n\t\t\t\t\t<div class=\"elementor-column elementor-col-50 elementor-inner-column elementor-element elementor-element-33c594e\" data-id=\"33c594e\" data-element_type=\"column\" data-e-type=\"column\">\n\t\t\t<div class=\"elementor-widget-wrap elementor-element-populated\">\n\t\t\t\t\t\t<div class=\"elementor-element elementor-element-87397c0 elementor-widget elementor-widget-text-editor\" data-id=\"87397c0\" data-element_type=\"widget\" data-e-type=\"widget\" data-widget_type=\"text-editor.default\">\n\t\t\t\t<div class=\"elementor-widget-container\">\n\t\t\t\t\t\t\t\t\t<ul><li>van Bon BW, Coe BP, Bernier R, Green C, Gerdts J, Witherspoon K, Kleefstra T, Willemsen MH, Kumar R, Bosco P, Fichera M, Li D, Amaral D, Cristofoli F, Peeters H, Haan E, Romano C, Mefford HC, Scheffer I, Gecz J, de Vries BB, Eichler EE. Disruptive de novo mutations of DYRK1A lead to a syndromic form of autism and ID. Mol Psychiatry. 2016 Jan;21(1):126-32.<\/li><li>Bourgeron T. Current knowledge on the genetics of autism and propositions for future research. C R Biol. 2016 Jul-Aug;339(7-8):300-7.<\/li><li>Bull MJ, Trotter T, Santoro SL, Christensen C, Grout RW; COUNCIL ON GENETICS; Burke LW, Berry SA, Geleske TA, Holm I, Hopkin RJ, Introne WJ, Lyons MJ, Monteil DC, Scheuerle A, Stoler JM, Vergano SA, Chen E, Hamid R, Downs SM, Grout RW, Cunniff C, Parisi MA, Ralston SJ, Scott JA, Shapira SK, Spire P. Health Supervision for Children and Adolescents With Down Syndrome. Pediatrics. 2022 May 1;149(5):e2022057010.<\/li><li>Capone GT. Down syndrome and autistic spectrum disorder: a look what we know. Disabil Solut 2001;3(5\u20136):8\u201315.<\/li><li>Carter JC, Capone GT, Kaufmann WE. Neuroanatomic correlates of autism and stereotypy in children with Down syndrome. Neuroreport. 2008 Apr 16;19(6):653-6.<\/li><li>Chen P, Liu Z, Zhang Q, Lin D, Song L, Liu J, Jiao HF, Lai X, Zou S, Wang S, Zhou T, Li BM, Zhu L, Pan BX, Fei E. DSCAM Deficiency Leads to Premature Spine Maturation and Autism-like Behaviors. J Neurosci. 2022 Jan 26;42(4):532-551.<\/li><li>Council, Interagency Autism Coordinating. &#8220;IACC report to the congressional appropriations committee on the state of autism research.&#8221; Washington, DC: Department of Health and Human Services. http:\/\/iacc. hhs. gov\/reports\/2004\/report-to-the-congres sional-appropriations-committee-april. shtml# research-matrix, 2004.<\/li><li>DiGuiseppi C, Hepburn S, Davis JM, Fidler DJ, Hartway S, Lee NR, Miller L, Ruttenber M, Robinson C. Screening for autism spectrum disorders in children with Down syndrome: population prevalence and screening test characteristics. J Dev Behav Pediatr. 2010 Apr;31(3):181-91.<\/li><li>Ghaziuddin M. Autism in Down\u2019s syndrome: a family history study. Journal of Intellectual Disability Research. 2020, 44: 562-566.<\/li><li>Gray L, Ansell P, Baird G, Parr JR. The continuing challenge of diagnosing autism spectrum disorder in children with Down syndrome. Child Care Health Dev. 2011 Jul;37(4):459-61.<\/li><li>Hauptman AJ, Cohen D, Dhossche D, Raffin M, Wachtel L, Ferrafiat V. Catatonia in neurodevelopmental disorders: assessing catatonic deterioration from baseline. Lancet Psychiatry. 2023 Mar;10(3):228-234.<\/li><li>Hepburn S, Fidler DJ. What autism looks like in a child with down syndrome. The behavioral phenotype. Editors When Down syndrome and autism intersect. A guide to DS-ASD for parents and professionals. USA: Woodbine House; 2013. p. 70\u201396.<\/li><li>Howlin P, Wing L, Gould J. The recognition of autism in children with Down syndrome&#8211;implications for intervention and some speculations about pathology. Dev Med Child Neurol. 1995 May;37(5):406-14.<\/li><li>Hyman SL, Levy SE, Myers SM, AAP Council On Children With Disabilities, Section On Developmental And Behavioral Pediatrics. Identification, Evaluation, and Management of Children With Autism Spectrum Disorder. Pediatrics. 2020;145(1):e20193447.<\/li><li>Jenner L, Richards C, Howard R, Moss J. Heterogeneity of Autism Characteristics in Genetic Syndromes: Key Considerations for Assessment and Support. Curr Dev Disord Rep. 2023;10(2):132-146.<\/li><li>Krieger, A. E., Lanc\u00e9art, E., Nader-Grosbois, N. Y Adrien, J. L. Trisomie 21 et autisme: double diagnostic, \u00e9valuation et intervention Down. Neuropsychiatrie de l&#8217;Enfance et de l&#8217;adolescence 2014, Volume 62, num\u00e9ro 4 pages 235-243.<\/li><li>Maenner MJ, Warren Z, Williams AR, Amoakohene E, Bakian AV, Bilder DA, Durkin MS, Fitzgerald RT, Furnier SM, Hughes MM, Ladd-Acosta CM, McArthur D, Pas ET, Salinas A, Vehorn A, Williams S, Esler A, Grzybowski A, Hall-Lande J, Nguyen RHN, Pierce K, Zahorodny W, Hudson A, Hallas L, Mancilla KC, Patrick M, Shenouda J, Sidwell K, DiRienzo M, Gutierrez J, Spivey MH, Lopez M, Pettygrove S, Schwenk YD, Washington A, Shaw KA. Prevalence and Characteristics of Autism Spectrum Disorder Among Children Aged 8 Years &#8211; Autism and Developmental Disabilities Monitoring Network, 11 Sites, United States, 2020. MMWR Surveill Summ. 2023 Mar 24;72(2):1-14.<\/li><\/ul>\t\t\t\t\t\t\t\t<\/div>\n\t\t\t\t<\/div>\n\t\t\t\t\t<\/div>\n\t\t<\/div>\n\t\t\t\t<div class=\"elementor-column elementor-col-50 elementor-inner-column elementor-element elementor-element-5d30cbd\" data-id=\"5d30cbd\" data-element_type=\"column\" data-e-type=\"column\">\n\t\t\t<div class=\"elementor-widget-wrap elementor-element-populated\">\n\t\t\t\t\t\t<div class=\"elementor-element elementor-element-bef89ac elementor-widget elementor-widget-text-editor\" data-id=\"bef89ac\" data-element_type=\"widget\" data-e-type=\"widget\" data-widget_type=\"text-editor.default\">\n\t\t\t\t<div class=\"elementor-widget-container\">\n\t\t\t\t\t\t\t\t\t<ul><li>Magyar CI, Pandolfi V, Dill CA. An initial evaluation of the Social Communication Questionnaire for the assessment of autism spectrum disorders in children with Down syndrome. J Dev Behav Pediatr. 2012 Feb;33(2):134-45.<\/li><li>Marcelli D, Cohen D, Autisme infantile et troubles du spectre autistique. Ed. Daniel Marcelli, David Cohen, Enfance et Psychopathologie, dixi\u00e8me ed., Elsevier Masson, 2016, Pages 341-394.<\/li><li>Moss J, Howlin P. Autism spectrum disorders in genetic syndromes: implications for diagnosis, intervention and understanding the wider autism spectrum disorder population. J Intellect Disabil Res. 2009 Oct;53(10):852-73.<\/li><li>Moss J, Richards C, Nelson L, Oliver C. Prevalence of autism spectrum disorder symptomatology and related behavioural characteristics in individuals with Down syndrome. Autism. 2013 Jul;17(4):390-404.<\/li><li>Oxelgren UW, Myrelid \u00c5, Anner\u00e9n G, Ekstam B, G\u00f6ransson C, Holmbom A, Isaksson A, \u00c5berg M, Gustafsson J, Fernell E. Prevalence of autism and attention-deficit-hyperactivity disorder in Down syndrome: a population-based study. Dev Med Child Neurol. 2017 Mar;59(3):276-283.<\/li><li>Oxelgren UW, \u00c5berg M, Myrelid \u00c5, Anner\u00e9n G, Westerlund J, Gustafsson J, Fernell E. Autism needs to be considered in children with Down Syndrome. Acta Paediatr. 2019 Nov;108(11):2019-2026.*<\/li><li>PNDS: Trisomie 21, HAS 2020. T\u00e9l\u00e9chargeable sur <a href=\"http:\/\/www.has-sante.fr\/\">www.has-sante.fr<\/a><\/li><li>PNDS: Syndrome DYRK1A, HAS 2021. T\u00e9l\u00e9chargeable sur <a href=\"http:\/\/www.has-sante.fr\/\">www.has-sante.fr<\/a><\/li><li>Rachubinski AL, Hepburn S, Elias ER, Gardiner K, Shaikh TH. The co-occurrence of Down syndrome and autism spectrum disorder: is it because of additional genetic variations? Prenat Diagn. 2017 Jan;37(1):31-36.<\/li><li>Recommandation de bonnes pratique: Trouble du spectre de l\u2019autisme, HAS 2018. T\u00e9l\u00e9chargeable sur <a href=\"http:\/\/www.has-sante.fr\/\">www.has-sante.fr<\/a><\/li><li>Rasmussen P, B\u00f6rjesson O, Wentz E, Gillberg C. Autistic disorders in Down syndrome: background factors and clinical correlates. Dev Med Child Neurol. 2001 Nov;43(11):750-4.<\/li><li>Richards C, Jones C, Groves L, Moss J, Oliver C. Prevalence of autism spectrum disorder phenomenology in genetic disorders: a systematic review and meta-analysis. Lancet Psychiatry. 2015 Oct;2(10):909-16.<\/li><li>Santoro SL, Baumer NT, Cornacchia M, Franklin C, Hart SJ, Haugen K, Hojlo MA, Horick N, Kishnani PS, Krell K, McCormick A, Milliken AL, Oreskovic NM, Pawlowski KG, Sargado S, Torres A, Valentini D, Vellody K, Skotko BG. Unexplained regression in Down syndrome: Management of 51 patients in an international patient database. Am J Med Genet A. 2022 Oct;188(10):3049-3062.4.<\/li><li>SFARIgene <a href=\"https:\/\/gene.sfari.org\/autdb\/Welcome.do\">https:\/\/gene.sfari.org\/autdb\/Welcome.do<\/a> (acc\u00e9s Juillet 2023).<\/li><li>Skuse DH. Rethinking the nature of genetic vulnerability to autistic spectrum disorders. Trends Genet. 2007 Aug;23(8):387-95.<\/li><li>Spinazzi NA, Velasco AB, Wodecki DJ, Patel L. Autism Spectrum Disorder in Down Syndrome: Experiences from Caregivers. J Autism Dev Disord. 2023 Jan 9.<\/li><li>Spinazzi NA, Santoro JD, Pawlowski K, Anzueto G, Howe YJ, Patel LR, Baumer NT. Co-occurring conditions in children with Down syndrome and autism: a retrospective study. J Neurodev Disord. 2023 Mar 2;15(1):9.<\/li><li>Starr EM, Berument SK, Tomlins M, Papanikolaou K, Rutter M. Brief report: autism in individuals with Down syndrome. J Autism Dev Disord. 2005 Oct;35(5):665-73.<\/li><li>Versaci TM, Mattie LJ, Imming LJ. Down Syndrome and Autism Spectrum Disorder Dual Diagnosis: Important Considerations for Speech-Language Pathologists. Am J Speech Lang Pathol. 2021 Jan 27;30(1):34-46.<\/li><li>Wachtel LE. The multiple faces of catatonia in autism spectrum disorders: descriptive clinical experience of 22 patients over 12 years. Eur Child Adolesc Psychiatry. 2019 Apr;28(4):471-480.<\/li><li>Webb SJ, Jones EJ, Kelly J, Dawson G. The motivation for very early intervention for infants at high risk for autism spectrum disorders. Int J Speech Lang Pathol. 2014 Feb;16(1):36-42.<\/li><\/ul>\t\t\t\t\t\t\t\t<\/div>\n\t\t\t\t<\/div>\n\t\t\t\t\t<\/div>\n\t\t<\/div>\n\t\t\t\t\t<\/div>\n\t\t<\/section>\n\t\t\t\t<div class=\"elementor-element elementor-element-ad117e9 elementor-widget elementor-widget-html\" data-id=\"ad117e9\" data-element_type=\"widget\" data-e-type=\"widget\" data-widget_type=\"html.default\">\n\t\t\t\t<div class=\"elementor-widget-container\">\n\t\t\t\t\t<script>\n    jQuery(\".btn-refs\").on(\"click\", function(e){\n        e.preventDefault()\n        jQuery(\".div-refs\").toggleClass(\"div-refs-closed\")\n    })\n<\/script>\n\n<style>\nbody:not(.elementor-editor-active) .div-refs{\n    transition: 0.3s;\n    max-height: 1000px;\n}\n    body:not(.elementor-editor-active) .div-refs-closed{\n        max-height: 0;\n        overflow: hidden !important;\n    }\n<\/style>\t\t\t\t<\/div>\n\t\t\t\t<\/div>\n\t\t\t\t\t<\/div>\n\t\t<\/div>\n\t\t\t\t\t<\/div>\n\t\t<\/section>\n\t\t\t\t<section class=\"elementor-section elementor-top-section elementor-element elementor-element-29cd960 elementor-section-boxed elementor-section-height-default elementor-section-height-default\" data-id=\"29cd960\" data-element_type=\"section\" data-e-type=\"section\">\n\t\t\t\t\t\t<div class=\"elementor-container elementor-column-gap-default\">\n\t\t\t\t\t<div class=\"elementor-column elementor-col-100 elementor-top-column elementor-element elementor-element-b03c9dc\" data-id=\"b03c9dc\" data-element_type=\"column\" data-e-type=\"column\">\n\t\t\t<div class=\"elementor-widget-wrap\">\n\t\t\t\t\t\t\t<\/div>\n\t\t<\/div>\n\t\t\t\t\t<\/div>\n\t\t<\/section>\n\t\t\t\t<\/div>\n\t\t","protected":false},"excerpt":{"rendered":"<p>Haga clic en &#8220;Resumen del cap\u00edtulo&#8221; a la derecha de la imagen para leer el cap\u00edtulo completo &#8220;Manifestaciones psiqui\u00e1tricas&#8221;.<\/p>\n","protected":false},"author":119,"featured_media":5915,"comment_status":"open","ping_status":"open","sticky":false,"template":"","format":"standard","meta":{"_acf_changed":false,"inline_featured_image":false,"footnotes":""},"categories":[44],"tags":[],"thematique":[51],"type_contenu":[56],"class_list":["post-6112","post","type-post","status-publish","format-standard","has-post-thumbnail","hentry","category-medico","thematique-medica-y-paramedica","type_contenu-video-es"],"acf":[],"yoast_head":"<!-- This site is optimized with the Yoast SEO plugin v27.5 - https:\/\/yoast.com\/product\/yoast-seo-wordpress\/ -->\n<title>Trastorno del espectro autista - t21learning<\/title>\n<meta name=\"description\" content=\"Haga clic en &quot;Resumen del cap\u00edtulo&quot; a la derecha de la imagen para leer el cap\u00edtulo completo &quot;Manifestaciones psiqui\u00e1tricas&quot;.\" \/>\n<meta name=\"robots\" content=\"index, follow, max-snippet:-1, max-image-preview:large, max-video-preview:-1\" \/>\n<link rel=\"canonical\" href=\"https:\/\/t21learning.institutlejeune.org\/es\/trastorno-espectro-autista-t21\/\" \/>\n<meta property=\"og:locale\" content=\"es_ES\" \/>\n<meta property=\"og:type\" content=\"article\" \/>\n<meta property=\"og:title\" content=\"Trastorno del espectro autista - t21learning\" \/>\n<meta property=\"og:description\" content=\"Haga clic en &quot;Resumen del cap\u00edtulo&quot; a la derecha de la imagen para leer el cap\u00edtulo completo &quot;Manifestaciones psiqui\u00e1tricas&quot;.\" \/>\n<meta property=\"og:url\" content=\"https:\/\/t21learning.institutlejeune.org\/es\/trastorno-espectro-autista-t21\/\" \/>\n<meta property=\"og:site_name\" content=\"t21learning\" \/>\n<meta property=\"article:publisher\" content=\"https:\/\/www.facebook.com\/institutlejeune\" \/>\n<meta property=\"article:published_time\" content=\"2023-12-21T15:07:44+00:00\" \/>\n<meta property=\"article:modified_time\" content=\"2024-01-05T16:58:14+00:00\" \/>\n<meta property=\"og:image\" content=\"https:\/\/t21learning.institutlejeune.org\/wp-content\/uploads\/2023\/12\/trouble-du-spectre-autistique.jpeg\" \/>\n\t<meta property=\"og:image:width\" content=\"932\" \/>\n\t<meta property=\"og:image:height\" content=\"572\" \/>\n\t<meta property=\"og:image:type\" content=\"image\/jpeg\" \/>\n<meta name=\"author\" content=\"Constance Bertrand\" \/>\n<meta name=\"twitter:card\" content=\"summary_large_image\" \/>\n<meta name=\"twitter:label1\" content=\"Escrito por\" \/>\n\t<meta name=\"twitter:data1\" content=\"Constance Bertrand\" \/>\n\t<meta name=\"twitter:label2\" content=\"Tiempo de lectura\" \/>\n\t<meta name=\"twitter:data2\" content=\"7 minutos\" \/>\n<!-- \/ Yoast SEO plugin. -->","yoast_head_json":{"title":"Trastorno del espectro autista - t21learning","description":"Haga clic en \"Resumen del cap\u00edtulo\" a la derecha de la imagen para leer el cap\u00edtulo completo \"Manifestaciones psiqui\u00e1tricas\".","robots":{"index":"index","follow":"follow","max-snippet":"max-snippet:-1","max-image-preview":"max-image-preview:large","max-video-preview":"max-video-preview:-1"},"canonical":"https:\/\/t21learning.institutlejeune.org\/es\/trastorno-espectro-autista-t21\/","og_locale":"es_ES","og_type":"article","og_title":"Trastorno del espectro autista - t21learning","og_description":"Haga clic en \"Resumen del cap\u00edtulo\" a la derecha de la imagen para leer el cap\u00edtulo completo \"Manifestaciones psiqui\u00e1tricas\".","og_url":"https:\/\/t21learning.institutlejeune.org\/es\/trastorno-espectro-autista-t21\/","og_site_name":"t21learning","article_publisher":"https:\/\/www.facebook.com\/institutlejeune","article_published_time":"2023-12-21T15:07:44+00:00","article_modified_time":"2024-01-05T16:58:14+00:00","og_image":[{"width":932,"height":572,"url":"https:\/\/t21learning.institutlejeune.org\/wp-content\/uploads\/2023\/12\/trouble-du-spectre-autistique.jpeg","type":"image\/jpeg"}],"author":"Constance Bertrand","twitter_card":"summary_large_image","twitter_misc":{"Escrito por":"Constance Bertrand","Tiempo de lectura":"7 minutos"},"schema":{"@context":"https:\/\/schema.org","@graph":[{"@type":"Article","@id":"https:\/\/t21learning.institutlejeune.org\/es\/trastorno-espectro-autista-t21\/#article","isPartOf":{"@id":"https:\/\/t21learning.institutlejeune.org\/es\/trastorno-espectro-autista-t21\/"},"author":{"name":"Constance Bertrand","@id":"https:\/\/t21learning.institutlejeune.org\/es\/#\/schema\/person\/d21c44599e10ffddfe21748bc0ebcd22"},"headline":"Trastorno del espectro autista","datePublished":"2023-12-21T15:07:44+00:00","dateModified":"2024-01-05T16:58:14+00:00","mainEntityOfPage":{"@id":"https:\/\/t21learning.institutlejeune.org\/es\/trastorno-espectro-autista-t21\/"},"wordCount":1318,"commentCount":0,"publisher":{"@id":"https:\/\/t21learning.institutlejeune.org\/es\/#organization"},"image":{"@id":"https:\/\/t21learning.institutlejeune.org\/es\/trastorno-espectro-autista-t21\/#primaryimage"},"thumbnailUrl":"https:\/\/t21learning.institutlejeune.org\/wp-content\/uploads\/2023\/12\/trouble-du-spectre-autistique.jpeg","articleSection":["M\u00e9dico"],"inLanguage":"es","potentialAction":[{"@type":"CommentAction","name":"Comment","target":["https:\/\/t21learning.institutlejeune.org\/es\/trastorno-espectro-autista-t21\/#respond"]}]},{"@type":"WebPage","@id":"https:\/\/t21learning.institutlejeune.org\/es\/trastorno-espectro-autista-t21\/","url":"https:\/\/t21learning.institutlejeune.org\/es\/trastorno-espectro-autista-t21\/","name":"Trastorno del espectro autista - t21learning","isPartOf":{"@id":"https:\/\/t21learning.institutlejeune.org\/es\/#website"},"primaryImageOfPage":{"@id":"https:\/\/t21learning.institutlejeune.org\/es\/trastorno-espectro-autista-t21\/#primaryimage"},"image":{"@id":"https:\/\/t21learning.institutlejeune.org\/es\/trastorno-espectro-autista-t21\/#primaryimage"},"thumbnailUrl":"https:\/\/t21learning.institutlejeune.org\/wp-content\/uploads\/2023\/12\/trouble-du-spectre-autistique.jpeg","datePublished":"2023-12-21T15:07:44+00:00","dateModified":"2024-01-05T16:58:14+00:00","description":"Haga clic en \"Resumen del cap\u00edtulo\" a la derecha de la imagen para leer el cap\u00edtulo completo \"Manifestaciones psiqui\u00e1tricas\".","breadcrumb":{"@id":"https:\/\/t21learning.institutlejeune.org\/es\/trastorno-espectro-autista-t21\/#breadcrumb"},"inLanguage":"es","potentialAction":[{"@type":"ReadAction","target":["https:\/\/t21learning.institutlejeune.org\/es\/trastorno-espectro-autista-t21\/"]}]},{"@type":"ImageObject","inLanguage":"es","@id":"https:\/\/t21learning.institutlejeune.org\/es\/trastorno-espectro-autista-t21\/#primaryimage","url":"https:\/\/t21learning.institutlejeune.org\/wp-content\/uploads\/2023\/12\/trouble-du-spectre-autistique.jpeg","contentUrl":"https:\/\/t21learning.institutlejeune.org\/wp-content\/uploads\/2023\/12\/trouble-du-spectre-autistique.jpeg","width":932,"height":572},{"@type":"BreadcrumbList","@id":"https:\/\/t21learning.institutlejeune.org\/es\/trastorno-espectro-autista-t21\/#breadcrumb","itemListElement":[{"@type":"ListItem","position":1,"name":"Accueil","item":"https:\/\/t21learning.institutlejeune.org\/es\/"},{"@type":"ListItem","position":2,"name":"Trastorno del espectro autista"}]},{"@type":"WebSite","@id":"https:\/\/t21learning.institutlejeune.org\/es\/#website","url":"https:\/\/t21learning.institutlejeune.org\/es\/","name":"t21learning","description":"Le centre de ressources en ligne de l&#039;Institut J\u00e9r\u00f4me Lejeune","publisher":{"@id":"https:\/\/t21learning.institutlejeune.org\/es\/#organization"},"potentialAction":[{"@type":"SearchAction","target":{"@type":"EntryPoint","urlTemplate":"https:\/\/t21learning.institutlejeune.org\/es\/?s={search_term_string}"},"query-input":{"@type":"PropertyValueSpecification","valueRequired":true,"valueName":"search_term_string"}}],"inLanguage":"es"},{"@type":"Organization","@id":"https:\/\/t21learning.institutlejeune.org\/es\/#organization","name":"t21learning","url":"https:\/\/t21learning.institutlejeune.org\/es\/","logo":{"@type":"ImageObject","inLanguage":"es","@id":"https:\/\/t21learning.institutlejeune.org\/es\/#\/schema\/logo\/image\/","url":"https:\/\/t21learning.institutlejeune.org\/wp-content\/uploads\/2021\/11\/t21learning_R.svg","contentUrl":"https:\/\/t21learning.institutlejeune.org\/wp-content\/uploads\/2021\/11\/t21learning_R.svg","width":1,"height":1,"caption":"t21learning"},"image":{"@id":"https:\/\/t21learning.institutlejeune.org\/es\/#\/schema\/logo\/image\/"},"sameAs":["https:\/\/www.facebook.com\/institutlejeune"]},{"@type":"Person","@id":"https:\/\/t21learning.institutlejeune.org\/es\/#\/schema\/person\/d21c44599e10ffddfe21748bc0ebcd22","name":"Constance Bertrand","image":{"@type":"ImageObject","inLanguage":"es","@id":"https:\/\/secure.gravatar.com\/avatar\/82e5c173536c66d605e321329e61752ed30392d38ed16ba98b6be924917495ae?s=96&d=mm&r=g","url":"https:\/\/secure.gravatar.com\/avatar\/82e5c173536c66d605e321329e61752ed30392d38ed16ba98b6be924917495ae?s=96&d=mm&r=g","contentUrl":"https:\/\/secure.gravatar.com\/avatar\/82e5c173536c66d605e321329e61752ed30392d38ed16ba98b6be924917495ae?s=96&d=mm&r=g","caption":"Constance Bertrand"}}]}},"_links":{"self":[{"href":"https:\/\/t21learning.institutlejeune.org\/es\/wp-json\/wp\/v2\/posts\/6112","targetHints":{"allow":["GET"]}}],"collection":[{"href":"https:\/\/t21learning.institutlejeune.org\/es\/wp-json\/wp\/v2\/posts"}],"about":[{"href":"https:\/\/t21learning.institutlejeune.org\/es\/wp-json\/wp\/v2\/types\/post"}],"author":[{"embeddable":true,"href":"https:\/\/t21learning.institutlejeune.org\/es\/wp-json\/wp\/v2\/users\/119"}],"replies":[{"embeddable":true,"href":"https:\/\/t21learning.institutlejeune.org\/es\/wp-json\/wp\/v2\/comments?post=6112"}],"version-history":[{"count":10,"href":"https:\/\/t21learning.institutlejeune.org\/es\/wp-json\/wp\/v2\/posts\/6112\/revisions"}],"predecessor-version":[{"id":6281,"href":"https:\/\/t21learning.institutlejeune.org\/es\/wp-json\/wp\/v2\/posts\/6112\/revisions\/6281"}],"wp:featuredmedia":[{"embeddable":true,"href":"https:\/\/t21learning.institutlejeune.org\/es\/wp-json\/wp\/v2\/media\/5915"}],"wp:attachment":[{"href":"https:\/\/t21learning.institutlejeune.org\/es\/wp-json\/wp\/v2\/media?parent=6112"}],"wp:term":[{"taxonomy":"category","embeddable":true,"href":"https:\/\/t21learning.institutlejeune.org\/es\/wp-json\/wp\/v2\/categories?post=6112"},{"taxonomy":"post_tag","embeddable":true,"href":"https:\/\/t21learning.institutlejeune.org\/es\/wp-json\/wp\/v2\/tags?post=6112"},{"taxonomy":"thematique","embeddable":true,"href":"https:\/\/t21learning.institutlejeune.org\/es\/wp-json\/wp\/v2\/thematique?post=6112"},{"taxonomy":"type_contenu","embeddable":true,"href":"https:\/\/t21learning.institutlejeune.org\/es\/wp-json\/wp\/v2\/type_contenu?post=6112"}],"curies":[{"name":"wp","href":"https:\/\/api.w.org\/{rel}","templated":true}]}}