{"id":5780,"date":"2023-12-14T10:59:44","date_gmt":"2023-12-14T09:59:44","guid":{"rendered":"https:\/\/t21learning.institutlejeune.org\/?p=5780"},"modified":"2023-12-14T11:13:24","modified_gmt":"2023-12-14T10:13:24","slug":"gestionar-la-aprension-a-los-cuidados-medicos","status":"publish","type":"post","link":"https:\/\/t21learning.institutlejeune.org\/es\/gestionar-la-aprension-a-los-cuidados-medicos\/","title":{"rendered":"Gestionar la aprensi\u00f3n a los cuidados m\u00e9dicos"},"content":{"rendered":"\t\t<div data-elementor-type=\"wp-post\" data-elementor-id=\"5780\" class=\"elementor elementor-5780\" data-elementor-post-type=\"post\">\n\t\t\t\t\t\t<section class=\"elementor-section elementor-top-section elementor-element elementor-element-fa0e171 elementor-section-boxed elementor-section-height-default elementor-section-height-default\" data-id=\"fa0e171\" data-element_type=\"section\" data-e-type=\"section\">\n\t\t\t\t\t\t<div class=\"elementor-container elementor-column-gap-default\">\n\t\t\t\t\t<div class=\"elementor-column elementor-col-100 elementor-top-column elementor-element elementor-element-c2aaa19\" data-id=\"c2aaa19\" data-element_type=\"column\" data-e-type=\"column\">\n\t\t\t<div class=\"elementor-widget-wrap elementor-element-populated\">\n\t\t\t\t\t\t<div class=\"elementor-element elementor-element-d8a825c elementor-widget elementor-widget-heading\" data-id=\"d8a825c\" data-element_type=\"widget\" data-e-type=\"widget\" data-widget_type=\"heading.default\">\n\t\t\t\t<div class=\"elementor-widget-container\">\n\t\t\t\t\t<h2 class=\"elementor-heading-title elementor-size-default\">Gestionar la aprensi\u00f3n a los cuidados m\u00e9dicos<\/h2>\t\t\t\t<\/div>\n\t\t\t\t<\/div>\n\t\t\t\t<div class=\"elementor-element elementor-element-d6d10f9 elementor-widget elementor-widget-image\" data-id=\"d6d10f9\" data-element_type=\"widget\" data-e-type=\"widget\" data-widget_type=\"image.default\">\n\t\t\t\t<div class=\"elementor-widget-container\">\n\t\t\t\t\t\t\t\t\t\t\t\t\t\t\t<img fetchpriority=\"high\" decoding=\"async\" width=\"932\" height=\"572\" src=\"https:\/\/t21learning.institutlejeune.org\/wp-content\/uploads\/2023\/12\/prise-de-sang.jpeg\" class=\"attachment-large size-large wp-image-5736\" alt=\"\" srcset=\"https:\/\/t21learning.institutlejeune.org\/wp-content\/uploads\/2023\/12\/prise-de-sang.jpeg 932w, https:\/\/t21learning.institutlejeune.org\/wp-content\/uploads\/2023\/12\/prise-de-sang-300x184.jpeg 300w, https:\/\/t21learning.institutlejeune.org\/wp-content\/uploads\/2023\/12\/prise-de-sang-768x471.jpeg 768w\" sizes=\"(max-width: 932px) 100vw, 932px\" \/>\t\t\t\t\t\t\t\t\t\t\t\t\t\t\t<\/div>\n\t\t\t\t<\/div>\n\t\t\t\t<div class=\"elementor-element elementor-element-a290915 elementor-widget elementor-widget-text-editor\" data-id=\"a290915\" data-element_type=\"widget\" data-e-type=\"widget\" data-widget_type=\"text-editor.default\">\n\t\t\t\t<div class=\"elementor-widget-container\">\n\t\t\t\t\t\t\t\t\t<p><strong>El miedo al m\u00e9dico o a la atenci\u00f3n sanitaria en general es un temor muy extendido entre muchos pacientes, tanto ni\u00f1os como adultos.<\/strong><\/p><p>\u00a0<\/p><p>En este v\u00eddeo, Aude Pinard-Legry, enfermera del Instituto J\u00e9r\u00f4me Lejeune, le habla del miedo a la atenci\u00f3n sanitaria y, m\u00e1s concretamente, a que le saquen sangre. Le da algunos consejos sobre la mejor manera de gestionar estos temores.<\/p>\t\t\t\t\t\t\t\t<\/div>\n\t\t\t\t<\/div>\n\t\t\t\t<div class=\"elementor-element elementor-element-7ac3be1 elementor-widget elementor-widget-video\" data-id=\"7ac3be1\" data-element_type=\"widget\" data-e-type=\"widget\" data-settings=\"{&quot;youtube_url&quot;:&quot;https:\\\/\\\/youtu.be\\\/dAr1fjZ_ecQ&quot;,&quot;video_type&quot;:&quot;youtube&quot;,&quot;controls&quot;:&quot;yes&quot;}\" data-widget_type=\"video.default\">\n\t\t\t\t<div class=\"elementor-widget-container\">\n\t\t\t\t\t\t\t<div class=\"elementor-wrapper elementor-open-inline\">\n\t\t\t<div class=\"elementor-video\"><\/div>\t\t<\/div>\n\t\t\t\t\t\t<\/div>\n\t\t\t\t<\/div>\n\t\t\t\t<div class=\"elementor-element elementor-element-96878e9 elementor-widget elementor-widget-spacer\" data-id=\"96878e9\" data-element_type=\"widget\" data-e-type=\"widget\" data-widget_type=\"spacer.default\">\n\t\t\t\t<div class=\"elementor-widget-container\">\n\t\t\t\t\t\t\t<div class=\"elementor-spacer\">\n\t\t\t<div class=\"elementor-spacer-inner\"><\/div>\n\t\t<\/div>\n\t\t\t\t\t\t<\/div>\n\t\t\t\t<\/div>\n\t\t\t\t<div class=\"elementor-element elementor-element-01a44f5 elementor-widget elementor-widget-spacer\" data-id=\"01a44f5\" data-element_type=\"widget\" data-e-type=\"widget\" data-widget_type=\"spacer.default\">\n\t\t\t\t<div class=\"elementor-widget-container\">\n\t\t\t\t\t\t\t<div class=\"elementor-spacer\">\n\t\t\t<div class=\"elementor-spacer-inner\"><\/div>\n\t\t<\/div>\n\t\t\t\t\t\t<\/div>\n\t\t\t\t<\/div>\n\t\t\t\t\t<\/div>\n\t\t<\/div>\n\t\t\t\t\t<\/div>\n\t\t<\/section>\n\t\t\t\t<section class=\"elementor-section elementor-top-section elementor-element elementor-element-7ee0447 elementor-section-boxed elementor-section-height-default elementor-section-height-default\" data-id=\"7ee0447\" data-element_type=\"section\" data-e-type=\"section\">\n\t\t\t\t\t\t<div class=\"elementor-container elementor-column-gap-default\">\n\t\t\t\t\t<div class=\"elementor-column elementor-col-100 elementor-top-column elementor-element elementor-element-7e8dc30\" data-id=\"7e8dc30\" data-element_type=\"column\" data-e-type=\"column\">\n\t\t\t<div class=\"elementor-widget-wrap elementor-element-populated\">\n\t\t\t\t\t\t<div class=\"elementor-element elementor-element-56ad32a elementor-widget elementor-widget-text-editor\" data-id=\"56ad32a\" data-element_type=\"widget\" data-e-type=\"widget\" data-widget_type=\"text-editor.default\">\n\t\t\t\t<div class=\"elementor-widget-container\">\n\t\t\t\t\t\t\t\t\t<p>Para saber m\u00e1s :<\/p>\t\t\t\t\t\t\t\t<\/div>\n\t\t\t\t<\/div>\n\t\t\t\t<div class=\"elementor-element elementor-element-3294ca3 elementor-widget elementor-widget-text-editor\" data-id=\"3294ca3\" data-element_type=\"widget\" data-e-type=\"widget\" data-widget_type=\"text-editor.default\">\n\t\t\t\t<div class=\"elementor-widget-container\">\n\t\t\t\t\t\t\t\t\t<p>Lea nuestro art\u00edculo sobre c\u00f3mo acostumbrarse a hacer cosas en casa, \u00a1para cada etapa de la vida cotidiana!<\/p>\t\t\t\t\t\t\t\t<\/div>\n\t\t\t\t<\/div>\n\t\t\t\t<div class=\"elementor-element elementor-element-51e0e0e elementor-widget elementor-widget-spacer\" data-id=\"51e0e0e\" data-element_type=\"widget\" data-e-type=\"widget\" data-widget_type=\"spacer.default\">\n\t\t\t\t<div class=\"elementor-widget-container\">\n\t\t\t\t\t\t\t<div class=\"elementor-spacer\">\n\t\t\t<div class=\"elementor-spacer-inner\"><\/div>\n\t\t<\/div>\n\t\t\t\t\t\t<\/div>\n\t\t\t\t<\/div>\n\t\t\t\t<div class=\"elementor-element elementor-element-b24f934 elementor-align-center elementor-widget elementor-widget-button\" data-id=\"b24f934\" data-element_type=\"widget\" data-e-type=\"widget\" data-widget_type=\"button.default\">\n\t\t\t\t<div class=\"elementor-widget-container\">\n\t\t\t\t\t\t\t\t\t<div class=\"elementor-button-wrapper\">\n\t\t\t\t\t<a class=\"elementor-button elementor-button-link elementor-size-md\" href=\"https:\/\/t21learning.institutlejeune.org\/es\/habituacion-es-tambien-en-casa\/\" target=\"_blank\">\n\t\t\t\t\t\t<span class=\"elementor-button-content-wrapper\">\n\t\t\t\t\t\t\t\t\t<span class=\"elementor-button-text\">PULSE AQU\u00cd<\/span>\n\t\t\t\t\t<\/span>\n\t\t\t\t\t<\/a>\n\t\t\t\t<\/div>\n\t\t\t\t\t\t\t\t<\/div>\n\t\t\t\t<\/div>\n\t\t\t\t\t<\/div>\n\t\t<\/div>\n\t\t\t\t\t<\/div>\n\t\t<\/section>\n\t\t\t\t<\/div>\n\t\t","protected":false},"excerpt":{"rendered":"<p>Gestionar la aprensi\u00f3n a los cuidados m\u00e9dicos El miedo al m\u00e9dico o a la atenci\u00f3n sanitaria en general es un temor muy extendido entre muchos pacientes, tanto ni\u00f1os como adultos. \u00a0 En este v\u00eddeo, Aude Pinard-Legry, enfermera del Instituto J\u00e9r\u00f4me Lejeune, le habla del miedo a la atenci\u00f3n sanitaria y, m\u00e1s concretamente, a que le [&hellip;]<\/p>\n","protected":false},"author":119,"featured_media":5738,"comment_status":"open","ping_status":"open","sticky":true,"template":"","format":"standard","meta":{"_acf_changed":false,"inline_featured_image":false,"footnotes":""},"categories":[46],"tags":[],"thematique":[53],"type_contenu":[56],"class_list":["post-5780","post","type-post","status-publish","format-standard","has-post-thumbnail","hentry","category-familia-y-auxiliares-de-ayuda-a-domicilio","thematique-acerca-de-la-consulta","type_contenu-video-es"],"acf":[],"yoast_head":"<!-- This site is optimized with the Yoast SEO plugin v27.5 - https:\/\/yoast.com\/product\/yoast-seo-wordpress\/ -->\n<title>Gestionar la aprensi\u00f3n a los cuidados m\u00e9dicos - t21learning<\/title>\n<meta name=\"description\" content=\"Gestionar la aprensi\u00f3n a los cuidados m\u00e9dicos El miedo al m\u00e9dico o a la atenci\u00f3n sanitaria en general es un temor muy extendido entre muchos pacientes,\" \/>\n<meta name=\"robots\" content=\"index, follow, max-snippet:-1, max-image-preview:large, max-video-preview:-1\" \/>\n<link rel=\"canonical\" href=\"https:\/\/t21learning.institutlejeune.org\/es\/gestionar-la-aprension-a-los-cuidados-medicos\/\" \/>\n<meta property=\"og:locale\" content=\"es_ES\" \/>\n<meta property=\"og:type\" content=\"article\" \/>\n<meta property=\"og:title\" content=\"Gestionar la aprensi\u00f3n a los cuidados m\u00e9dicos - t21learning\" \/>\n<meta property=\"og:description\" content=\"Gestionar la aprensi\u00f3n a los cuidados m\u00e9dicos El miedo al m\u00e9dico o a la atenci\u00f3n sanitaria en general es un temor muy extendido entre muchos pacientes,\" \/>\n<meta property=\"og:url\" content=\"https:\/\/t21learning.institutlejeune.org\/es\/gestionar-la-aprension-a-los-cuidados-medicos\/\" \/>\n<meta property=\"og:site_name\" content=\"t21learning\" \/>\n<meta property=\"article:publisher\" content=\"https:\/\/www.facebook.com\/institutlejeune\" \/>\n<meta property=\"article:published_time\" content=\"2023-12-14T09:59:44+00:00\" \/>\n<meta property=\"article:modified_time\" content=\"2023-12-14T10:13:24+00:00\" \/>\n<meta property=\"og:image\" content=\"https:\/\/t21learning.institutlejeune.org\/wp-content\/uploads\/2023\/12\/prise-de-sang.jpeg\" \/>\n\t<meta property=\"og:image:width\" content=\"932\" \/>\n\t<meta property=\"og:image:height\" content=\"572\" \/>\n\t<meta property=\"og:image:type\" content=\"image\/jpeg\" \/>\n<meta name=\"author\" content=\"Constance Bertrand\" \/>\n<meta name=\"twitter:card\" content=\"summary_large_image\" \/>\n<meta name=\"twitter:label1\" content=\"Escrito por\" \/>\n\t<meta name=\"twitter:data1\" content=\"Constance Bertrand\" \/>\n\t<meta name=\"twitter:label2\" content=\"Tiempo de lectura\" \/>\n\t<meta name=\"twitter:data2\" content=\"1 minuto\" \/>\n<!-- \/ Yoast SEO plugin. -->","yoast_head_json":{"title":"Gestionar la aprensi\u00f3n a los cuidados m\u00e9dicos - t21learning","description":"Gestionar la aprensi\u00f3n a los cuidados m\u00e9dicos El miedo al m\u00e9dico o a la atenci\u00f3n sanitaria en general es un temor muy extendido entre muchos pacientes,","robots":{"index":"index","follow":"follow","max-snippet":"max-snippet:-1","max-image-preview":"max-image-preview:large","max-video-preview":"max-video-preview:-1"},"canonical":"https:\/\/t21learning.institutlejeune.org\/es\/gestionar-la-aprension-a-los-cuidados-medicos\/","og_locale":"es_ES","og_type":"article","og_title":"Gestionar la aprensi\u00f3n a los cuidados m\u00e9dicos - t21learning","og_description":"Gestionar la aprensi\u00f3n a los cuidados m\u00e9dicos El miedo al m\u00e9dico o a la atenci\u00f3n sanitaria en general es un temor muy extendido entre muchos pacientes,","og_url":"https:\/\/t21learning.institutlejeune.org\/es\/gestionar-la-aprension-a-los-cuidados-medicos\/","og_site_name":"t21learning","article_publisher":"https:\/\/www.facebook.com\/institutlejeune","article_published_time":"2023-12-14T09:59:44+00:00","article_modified_time":"2023-12-14T10:13:24+00:00","og_image":[{"width":932,"height":572,"url":"https:\/\/t21learning.institutlejeune.org\/wp-content\/uploads\/2023\/12\/prise-de-sang.jpeg","type":"image\/jpeg"}],"author":"Constance Bertrand","twitter_card":"summary_large_image","twitter_misc":{"Escrito por":"Constance Bertrand","Tiempo de lectura":"1 minuto"},"schema":{"@context":"https:\/\/schema.org","@graph":[{"@type":"Article","@id":"https:\/\/t21learning.institutlejeune.org\/es\/gestionar-la-aprension-a-los-cuidados-medicos\/#article","isPartOf":{"@id":"https:\/\/t21learning.institutlejeune.org\/es\/gestionar-la-aprension-a-los-cuidados-medicos\/"},"author":{"name":"Constance Bertrand","@id":"https:\/\/t21learning.institutlejeune.org\/es\/#\/schema\/person\/d21c44599e10ffddfe21748bc0ebcd22"},"headline":"Gestionar la aprensi\u00f3n a los cuidados m\u00e9dicos","datePublished":"2023-12-14T09:59:44+00:00","dateModified":"2023-12-14T10:13:24+00:00","mainEntityOfPage":{"@id":"https:\/\/t21learning.institutlejeune.org\/es\/gestionar-la-aprension-a-los-cuidados-medicos\/"},"wordCount":119,"commentCount":0,"publisher":{"@id":"https:\/\/t21learning.institutlejeune.org\/es\/#organization"},"image":{"@id":"https:\/\/t21learning.institutlejeune.org\/es\/gestionar-la-aprension-a-los-cuidados-medicos\/#primaryimage"},"thumbnailUrl":"https:\/\/t21learning.institutlejeune.org\/wp-content\/uploads\/2023\/12\/prise-de-sang.jpeg","articleSection":["Familia y auxiliares de ayuda a domicilio"],"inLanguage":"es","potentialAction":[{"@type":"CommentAction","name":"Comment","target":["https:\/\/t21learning.institutlejeune.org\/es\/gestionar-la-aprension-a-los-cuidados-medicos\/#respond"]}]},{"@type":"WebPage","@id":"https:\/\/t21learning.institutlejeune.org\/es\/gestionar-la-aprension-a-los-cuidados-medicos\/","url":"https:\/\/t21learning.institutlejeune.org\/es\/gestionar-la-aprension-a-los-cuidados-medicos\/","name":"Gestionar la aprensi\u00f3n a los cuidados m\u00e9dicos - t21learning","isPartOf":{"@id":"https:\/\/t21learning.institutlejeune.org\/es\/#website"},"primaryImageOfPage":{"@id":"https:\/\/t21learning.institutlejeune.org\/es\/gestionar-la-aprension-a-los-cuidados-medicos\/#primaryimage"},"image":{"@id":"https:\/\/t21learning.institutlejeune.org\/es\/gestionar-la-aprension-a-los-cuidados-medicos\/#primaryimage"},"thumbnailUrl":"https:\/\/t21learning.institutlejeune.org\/wp-content\/uploads\/2023\/12\/prise-de-sang.jpeg","datePublished":"2023-12-14T09:59:44+00:00","dateModified":"2023-12-14T10:13:24+00:00","description":"Gestionar la aprensi\u00f3n a los cuidados m\u00e9dicos El miedo al m\u00e9dico o a la atenci\u00f3n sanitaria en general es un temor muy extendido entre muchos pacientes,","breadcrumb":{"@id":"https:\/\/t21learning.institutlejeune.org\/es\/gestionar-la-aprension-a-los-cuidados-medicos\/#breadcrumb"},"inLanguage":"es","potentialAction":[{"@type":"ReadAction","target":["https:\/\/t21learning.institutlejeune.org\/es\/gestionar-la-aprension-a-los-cuidados-medicos\/"]}]},{"@type":"ImageObject","inLanguage":"es","@id":"https:\/\/t21learning.institutlejeune.org\/es\/gestionar-la-aprension-a-los-cuidados-medicos\/#primaryimage","url":"https:\/\/t21learning.institutlejeune.org\/wp-content\/uploads\/2023\/12\/prise-de-sang.jpeg","contentUrl":"https:\/\/t21learning.institutlejeune.org\/wp-content\/uploads\/2023\/12\/prise-de-sang.jpeg","width":932,"height":572},{"@type":"BreadcrumbList","@id":"https:\/\/t21learning.institutlejeune.org\/es\/gestionar-la-aprension-a-los-cuidados-medicos\/#breadcrumb","itemListElement":[{"@type":"ListItem","position":1,"name":"Accueil","item":"https:\/\/t21learning.institutlejeune.org\/es\/"},{"@type":"ListItem","position":2,"name":"Gestionar la aprensi\u00f3n a los cuidados m\u00e9dicos"}]},{"@type":"WebSite","@id":"https:\/\/t21learning.institutlejeune.org\/es\/#website","url":"https:\/\/t21learning.institutlejeune.org\/es\/","name":"t21learning","description":"Le centre de ressources en ligne de l&#039;Institut J\u00e9r\u00f4me Lejeune","publisher":{"@id":"https:\/\/t21learning.institutlejeune.org\/es\/#organization"},"potentialAction":[{"@type":"SearchAction","target":{"@type":"EntryPoint","urlTemplate":"https:\/\/t21learning.institutlejeune.org\/es\/?s={search_term_string}"},"query-input":{"@type":"PropertyValueSpecification","valueRequired":true,"valueName":"search_term_string"}}],"inLanguage":"es"},{"@type":"Organization","@id":"https:\/\/t21learning.institutlejeune.org\/es\/#organization","name":"t21learning","url":"https:\/\/t21learning.institutlejeune.org\/es\/","logo":{"@type":"ImageObject","inLanguage":"es","@id":"https:\/\/t21learning.institutlejeune.org\/es\/#\/schema\/logo\/image\/","url":"https:\/\/t21learning.institutlejeune.org\/wp-content\/uploads\/2021\/11\/t21learning_R.svg","contentUrl":"https:\/\/t21learning.institutlejeune.org\/wp-content\/uploads\/2021\/11\/t21learning_R.svg","width":1,"height":1,"caption":"t21learning"},"image":{"@id":"https:\/\/t21learning.institutlejeune.org\/es\/#\/schema\/logo\/image\/"},"sameAs":["https:\/\/www.facebook.com\/institutlejeune"]},{"@type":"Person","@id":"https:\/\/t21learning.institutlejeune.org\/es\/#\/schema\/person\/d21c44599e10ffddfe21748bc0ebcd22","name":"Constance Bertrand","image":{"@type":"ImageObject","inLanguage":"es","@id":"https:\/\/secure.gravatar.com\/avatar\/82e5c173536c66d605e321329e61752ed30392d38ed16ba98b6be924917495ae?s=96&d=mm&r=g","url":"https:\/\/secure.gravatar.com\/avatar\/82e5c173536c66d605e321329e61752ed30392d38ed16ba98b6be924917495ae?s=96&d=mm&r=g","contentUrl":"https:\/\/secure.gravatar.com\/avatar\/82e5c173536c66d605e321329e61752ed30392d38ed16ba98b6be924917495ae?s=96&d=mm&r=g","caption":"Constance Bertrand"}}]}},"_links":{"self":[{"href":"https:\/\/t21learning.institutlejeune.org\/es\/wp-json\/wp\/v2\/posts\/5780","targetHints":{"allow":["GET"]}}],"collection":[{"href":"https:\/\/t21learning.institutlejeune.org\/es\/wp-json\/wp\/v2\/posts"}],"about":[{"href":"https:\/\/t21learning.institutlejeune.org\/es\/wp-json\/wp\/v2\/types\/post"}],"author":[{"embeddable":true,"href":"https:\/\/t21learning.institutlejeune.org\/es\/wp-json\/wp\/v2\/users\/119"}],"replies":[{"embeddable":true,"href":"https:\/\/t21learning.institutlejeune.org\/es\/wp-json\/wp\/v2\/comments?post=5780"}],"version-history":[{"count":7,"href":"https:\/\/t21learning.institutlejeune.org\/es\/wp-json\/wp\/v2\/posts\/5780\/revisions"}],"predecessor-version":[{"id":5792,"href":"https:\/\/t21learning.institutlejeune.org\/es\/wp-json\/wp\/v2\/posts\/5780\/revisions\/5792"}],"wp:featuredmedia":[{"embeddable":true,"href":"https:\/\/t21learning.institutlejeune.org\/es\/wp-json\/wp\/v2\/media\/5738"}],"wp:attachment":[{"href":"https:\/\/t21learning.institutlejeune.org\/es\/wp-json\/wp\/v2\/media?parent=5780"}],"wp:term":[{"taxonomy":"category","embeddable":true,"href":"https:\/\/t21learning.institutlejeune.org\/es\/wp-json\/wp\/v2\/categories?post=5780"},{"taxonomy":"post_tag","embeddable":true,"href":"https:\/\/t21learning.institutlejeune.org\/es\/wp-json\/wp\/v2\/tags?post=5780"},{"taxonomy":"thematique","embeddable":true,"href":"https:\/\/t21learning.institutlejeune.org\/es\/wp-json\/wp\/v2\/thematique?post=5780"},{"taxonomy":"type_contenu","embeddable":true,"href":"https:\/\/t21learning.institutlejeune.org\/es\/wp-json\/wp\/v2\/type_contenu?post=5780"}],"curies":[{"name":"wp","href":"https:\/\/api.w.org\/{rel}","templated":true}]}}