{"id":5147,"date":"2023-08-22T11:37:55","date_gmt":"2023-08-22T09:37:55","guid":{"rendered":"https:\/\/t21learning.institutlejeune.org\/?p=5147"},"modified":"2023-08-22T11:46:57","modified_gmt":"2023-08-22T09:46:57","slug":"la-amistad","status":"publish","type":"post","link":"https:\/\/t21learning.institutlejeune.org\/es\/la-amistad\/","title":{"rendered":"La amistad"},"content":{"rendered":"\t\t<div data-elementor-type=\"wp-post\" data-elementor-id=\"5147\" class=\"elementor elementor-5147\" data-elementor-post-type=\"post\">\n\t\t\t\t\t\t<section class=\"elementor-section elementor-top-section elementor-element elementor-element-19348df elementor-section-boxed elementor-section-height-default elementor-section-height-default\" data-id=\"19348df\" data-element_type=\"section\" data-e-type=\"section\">\n\t\t\t\t\t\t<div class=\"elementor-container elementor-column-gap-default\">\n\t\t\t\t\t<div class=\"elementor-column elementor-col-100 elementor-top-column elementor-element elementor-element-3e8fb67\" data-id=\"3e8fb67\" data-element_type=\"column\" data-e-type=\"column\">\n\t\t\t<div class=\"elementor-widget-wrap elementor-element-populated\">\n\t\t\t\t\t\t<div class=\"elementor-element elementor-element-d9b697f elementor-widget elementor-widget-heading\" data-id=\"d9b697f\" data-element_type=\"widget\" data-e-type=\"widget\" data-widget_type=\"heading.default\">\n\t\t\t\t<div class=\"elementor-widget-container\">\n\t\t\t\t\t<h2 class=\"elementor-heading-title elementor-size-default\">La amistad<\/h2>\t\t\t\t<\/div>\n\t\t\t\t<\/div>\n\t\t\t\t<div class=\"elementor-element elementor-element-541a076 elementor-widget elementor-widget-image\" data-id=\"541a076\" data-element_type=\"widget\" data-e-type=\"widget\" data-widget_type=\"image.default\">\n\t\t\t\t<div class=\"elementor-widget-container\">\n\t\t\t\t\t\t\t\t\t\t\t\t\t\t\t<img fetchpriority=\"high\" decoding=\"async\" width=\"932\" height=\"572\" src=\"https:\/\/t21learning.institutlejeune.org\/wp-content\/uploads\/2023\/07\/amitie.jpeg\" class=\"attachment-large size-large wp-image-4687\" alt=\"\" srcset=\"https:\/\/t21learning.institutlejeune.org\/wp-content\/uploads\/2023\/07\/amitie.jpeg 932w, https:\/\/t21learning.institutlejeune.org\/wp-content\/uploads\/2023\/07\/amitie-300x184.jpeg 300w, https:\/\/t21learning.institutlejeune.org\/wp-content\/uploads\/2023\/07\/amitie-768x471.jpeg 768w\" sizes=\"(max-width: 932px) 100vw, 932px\" \/>\t\t\t\t\t\t\t\t\t\t\t\t\t\t\t<\/div>\n\t\t\t\t<\/div>\n\t\t\t\t\t<\/div>\n\t\t<\/div>\n\t\t\t\t\t<\/div>\n\t\t<\/section>\n\t\t\t\t<section class=\"elementor-section elementor-top-section elementor-element elementor-element-cda5be5 elementor-section-boxed elementor-section-height-default elementor-section-height-default\" data-id=\"cda5be5\" data-element_type=\"section\" data-e-type=\"section\">\n\t\t\t\t\t\t<div class=\"elementor-container elementor-column-gap-default\">\n\t\t\t\t\t<div class=\"elementor-column elementor-col-50 elementor-top-column elementor-element elementor-element-f7b8550\" data-id=\"f7b8550\" data-element_type=\"column\" data-e-type=\"column\">\n\t\t\t<div class=\"elementor-widget-wrap elementor-element-populated\">\n\t\t\t\t\t\t<div class=\"elementor-element elementor-element-412ab2f elementor-widget elementor-widget-text-editor\" data-id=\"412ab2f\" data-element_type=\"widget\" data-e-type=\"widget\" data-widget_type=\"text-editor.default\">\n\t\t\t\t<div class=\"elementor-widget-container\">\n\t\t\t\t\t\t\t\t\t<p style=\"text-align: left;\"><strong>Por la Dra. Pauline Groz, m\u00e9dico generalista del Instituto J\u00e9r\u00f4me Lejeune<\/strong><\/p>\t\t\t\t\t\t\t\t<\/div>\n\t\t\t\t<\/div>\n\t\t\t\t<div class=\"elementor-element elementor-element-8f8b1a7 elementor-widget elementor-widget-spacer\" data-id=\"8f8b1a7\" data-element_type=\"widget\" data-e-type=\"widget\" data-widget_type=\"spacer.default\">\n\t\t\t\t<div class=\"elementor-widget-container\">\n\t\t\t\t\t\t\t<div class=\"elementor-spacer\">\n\t\t\t<div class=\"elementor-spacer-inner\"><\/div>\n\t\t<\/div>\n\t\t\t\t\t\t<\/div>\n\t\t\t\t<\/div>\n\t\t\t\t<div class=\"elementor-element elementor-element-5f9e332 elementor-widget elementor-widget-text-editor\" data-id=\"5f9e332\" data-element_type=\"widget\" data-e-type=\"widget\" data-widget_type=\"text-editor.default\">\n\t\t\t\t<div class=\"elementor-widget-container\">\n\t\t\t\t\t\t\t\t\t<p style=\"text-align: left;\">Desde una edad muy temprana, cada uno de nosotros experimenta la necesidad de ser querido, valorado, rodeado y de pertenecer a un grupo. El afecto de quienes nos rodean es esencial para desarrollarnos y crecer en un clima de confianza. Es la mirada amable y cari\u00f1osa de los dem\u00e1s la que nos permite darnos cuenta de nuestro propio valor.<\/p>\t\t\t\t\t\t\t\t<\/div>\n\t\t\t\t<\/div>\n\t\t\t\t\t<\/div>\n\t\t<\/div>\n\t\t\t\t<div class=\"elementor-column elementor-col-50 elementor-top-column elementor-element elementor-element-e7720e6\" data-id=\"e7720e6\" data-element_type=\"column\" data-e-type=\"column\">\n\t\t\t<div class=\"elementor-widget-wrap elementor-element-populated\">\n\t\t\t\t\t\t<div class=\"elementor-element elementor-element-4f7393e e-transform elementor-widget elementor-widget-image\" data-id=\"4f7393e\" data-element_type=\"widget\" data-e-type=\"widget\" data-settings=\"{&quot;_transform_scale_effect&quot;:{&quot;unit&quot;:&quot;px&quot;,&quot;size&quot;:&quot;&quot;,&quot;sizes&quot;:[]},&quot;_transform_scale_effect_laptop&quot;:{&quot;unit&quot;:&quot;px&quot;,&quot;size&quot;:&quot;&quot;,&quot;sizes&quot;:[]},&quot;_transform_scale_effect_tablet_extra&quot;:{&quot;unit&quot;:&quot;px&quot;,&quot;size&quot;:&quot;&quot;,&quot;sizes&quot;:[]},&quot;_transform_scale_effect_tablet&quot;:{&quot;unit&quot;:&quot;px&quot;,&quot;size&quot;:&quot;&quot;,&quot;sizes&quot;:[]},&quot;_transform_scale_effect_mobile&quot;:{&quot;unit&quot;:&quot;px&quot;,&quot;size&quot;:&quot;&quot;,&quot;sizes&quot;:[]}}\" data-widget_type=\"image.default\">\n\t\t\t\t<div class=\"elementor-widget-container\">\n\t\t\t\t\t\t\t\t\t\t\t\t\t\t\t<img decoding=\"async\" width=\"150\" height=\"150\" src=\"https:\/\/t21learning.institutlejeune.org\/wp-content\/uploads\/2023\/07\/PGR-150x150.jpeg\" class=\"attachment-thumbnail size-thumbnail wp-image-4691\" alt=\"\" \/>\t\t\t\t\t\t\t\t\t\t\t\t\t\t\t<\/div>\n\t\t\t\t<\/div>\n\t\t\t\t\t<\/div>\n\t\t<\/div>\n\t\t\t\t\t<\/div>\n\t\t<\/section>\n\t\t\t\t<section class=\"elementor-section elementor-top-section elementor-element elementor-element-25b0191 elementor-section-boxed elementor-section-height-default elementor-section-height-default\" data-id=\"25b0191\" data-element_type=\"section\" data-e-type=\"section\">\n\t\t\t\t\t\t<div class=\"elementor-container elementor-column-gap-default\">\n\t\t\t\t\t<div class=\"elementor-column elementor-col-100 elementor-top-column elementor-element elementor-element-ead0b65\" data-id=\"ead0b65\" data-element_type=\"column\" data-e-type=\"column\">\n\t\t\t<div class=\"elementor-widget-wrap elementor-element-populated\">\n\t\t\t\t\t\t<div class=\"elementor-element elementor-element-89433e8 elementor-widget elementor-widget-text-editor\" data-id=\"89433e8\" data-element_type=\"widget\" data-e-type=\"widget\" data-widget_type=\"text-editor.default\">\n\t\t\t\t<div class=\"elementor-widget-container\">\n\t\t\t\t\t\t\t\t\t<p><strong>Aparte de la familia, uno de los lugares donde podemos experimentar esta riqueza es en nuestras amistades.<\/strong> No es necesario tener muchos amigos, \u00a1s\u00f3lo buenos amigos!<\/p><p>\u00a0<\/p><p>Desarrollar amistades tendr\u00e1 muchos beneficios para su hijo o familiar con una discapacidad intelectual gen\u00e9tica.<\/p><ul><li style=\"list-style-type: none;\"><ul><li>Esto les ayudar\u00e1 a ganar confianza en s\u00ed mismos afirm\u00e1ndose dentro de un grupo con todas sus diferencias y riquezas. Descubrir\u00e1n las cualidades por las que se les aprecia.<\/li><li>Tambi\u00e9n les permitir\u00e1 experimentar la empat\u00eda y aprender a identificar sus emociones comparti\u00e9ndolas con sus amigos. As\u00ed se dar\u00e1n cuenta de que pueden aportar alegr\u00eda y apoyo a los dem\u00e1s, \u00a1y viceversa! Si les cuesta expresar sus emociones con palabras, puedes ayudarles ofreci\u00e9ndoles pictogramas o dibujos, entre los que podr\u00e1n elegir el que corresponda a sus sentimientos.<\/li><li>Por \u00faltimo, la amistad es una experiencia de lealtad: la relaci\u00f3n se crea con el tiempo, y hay que cuidarla y mantenerla. \u00a1Es un buen ejercicio! \u00bfPor qu\u00e9 no aprovechas las vacaciones de verano para invitar a tu hijo a que se reencuentre con un amigo?<\/li><\/ul><\/li><\/ul><p><strong>\u00a0<\/strong><\/p><p><strong>Cuanto mayor sea tu hijo, m\u00e1s necesitar\u00e1 desarrollarse en c\u00edrculos distintos del familiar.<\/strong> Os corresponde a vosotros, los padres, ayudarle a conocer gente nueva a trav\u00e9s de la escuela, las aficiones, las actividades voluntarias o profesionales&#8230; Nunca es f\u00e1cil dejar que tu hijo se independice y acepte que puede vivir cosas sin ti, sobre todo cuando tiene una discapacidad. Pero es un paso necesario para ayudar a tu hijo a crecer, y supone asumir autonom\u00eda. Por ejemplo, tienes que aceptar que no pueden contar a sus amigos todo lo que les pasa.<\/p><p>\u00a0<\/p><p>Puede que les estimulen las amistades con personas sin discapacidad, pero tambi\u00e9n les estimular\u00e1n las amistades con personas que se parezcan a ellos. Socializar con ni\u00f1os de un nivel diferente al suyo, lejos de hundirles, les ayudar\u00e1, por el contrario, a ganar en responsabilidad y a desarrollar su atenci\u00f3n hacia los dem\u00e1s.<\/p><p>\u00a0<\/p><p>As\u00ed que atr\u00e9vase a acompa\u00f1ar a su hijo en este proceso de acercamiento a los dem\u00e1s. Saldr\u00e1 fortalecido e irradiar\u00e1 esta satisfacci\u00f3n a los que le rodean.<\/p>\t\t\t\t\t\t\t\t<\/div>\n\t\t\t\t<\/div>\n\t\t\t\t\t<\/div>\n\t\t<\/div>\n\t\t\t\t\t<\/div>\n\t\t<\/section>\n\t\t\t\t<\/div>\n\t\t","protected":false},"excerpt":{"rendered":"<p>La amistad Por la Dra. Pauline Groz, m\u00e9dico generalista del Instituto J\u00e9r\u00f4me Lejeune Desde una edad muy temprana, cada uno de nosotros experimenta la necesidad de ser querido, valorado, rodeado y de pertenecer a un grupo. El afecto de quienes nos rodean es esencial para desarrollarnos y crecer en un clima de confianza. Es la [&hellip;]<\/p>\n","protected":false},"author":119,"featured_media":4689,"comment_status":"open","ping_status":"open","sticky":false,"template":"","format":"standard","meta":{"_acf_changed":false,"inline_featured_image":false,"footnotes":""},"categories":[46],"tags":[],"thematique":[52],"type_contenu":[],"class_list":["post-5147","post","type-post","status-publish","format-standard","has-post-thumbnail","hentry","category-familia-y-auxiliares-de-ayuda-a-domicilio","thematique-vida-diaria"],"acf":[],"yoast_head":"<!-- This site is optimized with the Yoast SEO plugin v27.5 - https:\/\/yoast.com\/product\/yoast-seo-wordpress\/ -->\n<title>La amistad - t21learning<\/title>\n<meta name=\"description\" content=\"Desde una edad muy temprana, cada uno de nosotros experimenta la necesidad de ser querido, valorado, rodeado y de pertenecer a un grupo.\" \/>\n<meta name=\"robots\" content=\"index, follow, max-snippet:-1, max-image-preview:large, max-video-preview:-1\" \/>\n<link rel=\"canonical\" href=\"https:\/\/t21learning.institutlejeune.org\/es\/la-amistad\/\" \/>\n<meta property=\"og:locale\" content=\"es_ES\" \/>\n<meta property=\"og:type\" content=\"article\" \/>\n<meta property=\"og:title\" content=\"La amistad - t21learning\" \/>\n<meta property=\"og:description\" content=\"Desde una edad muy temprana, cada uno de nosotros experimenta la necesidad de ser querido, valorado, rodeado y de pertenecer a un grupo.\" \/>\n<meta property=\"og:url\" content=\"https:\/\/t21learning.institutlejeune.org\/es\/la-amistad\/\" \/>\n<meta property=\"og:site_name\" content=\"t21learning\" \/>\n<meta property=\"article:publisher\" content=\"https:\/\/www.facebook.com\/institutlejeune\" \/>\n<meta property=\"article:published_time\" content=\"2023-08-22T09:37:55+00:00\" \/>\n<meta property=\"article:modified_time\" content=\"2023-08-22T09:46:57+00:00\" \/>\n<meta property=\"og:image\" content=\"https:\/\/t21learning.institutlejeune.org\/wp-content\/uploads\/2023\/07\/amitie.jpeg\" \/>\n\t<meta property=\"og:image:width\" content=\"932\" \/>\n\t<meta property=\"og:image:height\" content=\"572\" \/>\n\t<meta property=\"og:image:type\" content=\"image\/jpeg\" \/>\n<meta name=\"author\" content=\"Constance Bertrand\" \/>\n<meta name=\"twitter:card\" content=\"summary_large_image\" \/>\n<meta name=\"twitter:label1\" content=\"Escrito por\" \/>\n\t<meta name=\"twitter:data1\" content=\"Constance Bertrand\" \/>\n\t<meta name=\"twitter:label2\" content=\"Tiempo de lectura\" \/>\n\t<meta name=\"twitter:data2\" content=\"3 minutos\" \/>\n<!-- \/ Yoast SEO plugin. -->","yoast_head_json":{"title":"La amistad - t21learning","description":"Desde una edad muy temprana, cada uno de nosotros experimenta la necesidad de ser querido, valorado, rodeado y de pertenecer a un grupo.","robots":{"index":"index","follow":"follow","max-snippet":"max-snippet:-1","max-image-preview":"max-image-preview:large","max-video-preview":"max-video-preview:-1"},"canonical":"https:\/\/t21learning.institutlejeune.org\/es\/la-amistad\/","og_locale":"es_ES","og_type":"article","og_title":"La amistad - t21learning","og_description":"Desde una edad muy temprana, cada uno de nosotros experimenta la necesidad de ser querido, valorado, rodeado y de pertenecer a un grupo.","og_url":"https:\/\/t21learning.institutlejeune.org\/es\/la-amistad\/","og_site_name":"t21learning","article_publisher":"https:\/\/www.facebook.com\/institutlejeune","article_published_time":"2023-08-22T09:37:55+00:00","article_modified_time":"2023-08-22T09:46:57+00:00","og_image":[{"width":932,"height":572,"url":"https:\/\/t21learning.institutlejeune.org\/wp-content\/uploads\/2023\/07\/amitie.jpeg","type":"image\/jpeg"}],"author":"Constance Bertrand","twitter_card":"summary_large_image","twitter_misc":{"Escrito por":"Constance Bertrand","Tiempo de lectura":"3 minutos"},"schema":{"@context":"https:\/\/schema.org","@graph":[{"@type":"Article","@id":"https:\/\/t21learning.institutlejeune.org\/es\/la-amistad\/#article","isPartOf":{"@id":"https:\/\/t21learning.institutlejeune.org\/es\/la-amistad\/"},"author":{"name":"Constance Bertrand","@id":"https:\/\/t21learning.institutlejeune.org\/es\/#\/schema\/person\/d21c44599e10ffddfe21748bc0ebcd22"},"headline":"La amistad","datePublished":"2023-08-22T09:37:55+00:00","dateModified":"2023-08-22T09:46:57+00:00","mainEntityOfPage":{"@id":"https:\/\/t21learning.institutlejeune.org\/es\/la-amistad\/"},"wordCount":450,"commentCount":0,"publisher":{"@id":"https:\/\/t21learning.institutlejeune.org\/es\/#organization"},"image":{"@id":"https:\/\/t21learning.institutlejeune.org\/es\/la-amistad\/#primaryimage"},"thumbnailUrl":"https:\/\/t21learning.institutlejeune.org\/wp-content\/uploads\/2023\/07\/amitie.jpeg","articleSection":["Familia y auxiliares de ayuda a domicilio"],"inLanguage":"es","potentialAction":[{"@type":"CommentAction","name":"Comment","target":["https:\/\/t21learning.institutlejeune.org\/es\/la-amistad\/#respond"]}]},{"@type":"WebPage","@id":"https:\/\/t21learning.institutlejeune.org\/es\/la-amistad\/","url":"https:\/\/t21learning.institutlejeune.org\/es\/la-amistad\/","name":"La amistad - t21learning","isPartOf":{"@id":"https:\/\/t21learning.institutlejeune.org\/es\/#website"},"primaryImageOfPage":{"@id":"https:\/\/t21learning.institutlejeune.org\/es\/la-amistad\/#primaryimage"},"image":{"@id":"https:\/\/t21learning.institutlejeune.org\/es\/la-amistad\/#primaryimage"},"thumbnailUrl":"https:\/\/t21learning.institutlejeune.org\/wp-content\/uploads\/2023\/07\/amitie.jpeg","datePublished":"2023-08-22T09:37:55+00:00","dateModified":"2023-08-22T09:46:57+00:00","description":"Desde una edad muy temprana, cada uno de nosotros experimenta la necesidad de ser querido, valorado, rodeado y de pertenecer a un grupo.","breadcrumb":{"@id":"https:\/\/t21learning.institutlejeune.org\/es\/la-amistad\/#breadcrumb"},"inLanguage":"es","potentialAction":[{"@type":"ReadAction","target":["https:\/\/t21learning.institutlejeune.org\/es\/la-amistad\/"]}]},{"@type":"ImageObject","inLanguage":"es","@id":"https:\/\/t21learning.institutlejeune.org\/es\/la-amistad\/#primaryimage","url":"https:\/\/t21learning.institutlejeune.org\/wp-content\/uploads\/2023\/07\/amitie.jpeg","contentUrl":"https:\/\/t21learning.institutlejeune.org\/wp-content\/uploads\/2023\/07\/amitie.jpeg","width":932,"height":572},{"@type":"BreadcrumbList","@id":"https:\/\/t21learning.institutlejeune.org\/es\/la-amistad\/#breadcrumb","itemListElement":[{"@type":"ListItem","position":1,"name":"Accueil","item":"https:\/\/t21learning.institutlejeune.org\/es\/"},{"@type":"ListItem","position":2,"name":"La amistad"}]},{"@type":"WebSite","@id":"https:\/\/t21learning.institutlejeune.org\/es\/#website","url":"https:\/\/t21learning.institutlejeune.org\/es\/","name":"t21learning","description":"Le centre de ressources en ligne de l&#039;Institut J\u00e9r\u00f4me Lejeune","publisher":{"@id":"https:\/\/t21learning.institutlejeune.org\/es\/#organization"},"potentialAction":[{"@type":"SearchAction","target":{"@type":"EntryPoint","urlTemplate":"https:\/\/t21learning.institutlejeune.org\/es\/?s={search_term_string}"},"query-input":{"@type":"PropertyValueSpecification","valueRequired":true,"valueName":"search_term_string"}}],"inLanguage":"es"},{"@type":"Organization","@id":"https:\/\/t21learning.institutlejeune.org\/es\/#organization","name":"t21learning","url":"https:\/\/t21learning.institutlejeune.org\/es\/","logo":{"@type":"ImageObject","inLanguage":"es","@id":"https:\/\/t21learning.institutlejeune.org\/es\/#\/schema\/logo\/image\/","url":"https:\/\/t21learning.institutlejeune.org\/wp-content\/uploads\/2021\/11\/t21learning_R.svg","contentUrl":"https:\/\/t21learning.institutlejeune.org\/wp-content\/uploads\/2021\/11\/t21learning_R.svg","width":1,"height":1,"caption":"t21learning"},"image":{"@id":"https:\/\/t21learning.institutlejeune.org\/es\/#\/schema\/logo\/image\/"},"sameAs":["https:\/\/www.facebook.com\/institutlejeune"]},{"@type":"Person","@id":"https:\/\/t21learning.institutlejeune.org\/es\/#\/schema\/person\/d21c44599e10ffddfe21748bc0ebcd22","name":"Constance Bertrand","image":{"@type":"ImageObject","inLanguage":"es","@id":"https:\/\/secure.gravatar.com\/avatar\/82e5c173536c66d605e321329e61752ed30392d38ed16ba98b6be924917495ae?s=96&d=mm&r=g","url":"https:\/\/secure.gravatar.com\/avatar\/82e5c173536c66d605e321329e61752ed30392d38ed16ba98b6be924917495ae?s=96&d=mm&r=g","contentUrl":"https:\/\/secure.gravatar.com\/avatar\/82e5c173536c66d605e321329e61752ed30392d38ed16ba98b6be924917495ae?s=96&d=mm&r=g","caption":"Constance Bertrand"}}]}},"_links":{"self":[{"href":"https:\/\/t21learning.institutlejeune.org\/es\/wp-json\/wp\/v2\/posts\/5147","targetHints":{"allow":["GET"]}}],"collection":[{"href":"https:\/\/t21learning.institutlejeune.org\/es\/wp-json\/wp\/v2\/posts"}],"about":[{"href":"https:\/\/t21learning.institutlejeune.org\/es\/wp-json\/wp\/v2\/types\/post"}],"author":[{"embeddable":true,"href":"https:\/\/t21learning.institutlejeune.org\/es\/wp-json\/wp\/v2\/users\/119"}],"replies":[{"embeddable":true,"href":"https:\/\/t21learning.institutlejeune.org\/es\/wp-json\/wp\/v2\/comments?post=5147"}],"version-history":[{"count":6,"href":"https:\/\/t21learning.institutlejeune.org\/es\/wp-json\/wp\/v2\/posts\/5147\/revisions"}],"predecessor-version":[{"id":5153,"href":"https:\/\/t21learning.institutlejeune.org\/es\/wp-json\/wp\/v2\/posts\/5147\/revisions\/5153"}],"wp:featuredmedia":[{"embeddable":true,"href":"https:\/\/t21learning.institutlejeune.org\/es\/wp-json\/wp\/v2\/media\/4689"}],"wp:attachment":[{"href":"https:\/\/t21learning.institutlejeune.org\/es\/wp-json\/wp\/v2\/media?parent=5147"}],"wp:term":[{"taxonomy":"category","embeddable":true,"href":"https:\/\/t21learning.institutlejeune.org\/es\/wp-json\/wp\/v2\/categories?post=5147"},{"taxonomy":"post_tag","embeddable":true,"href":"https:\/\/t21learning.institutlejeune.org\/es\/wp-json\/wp\/v2\/tags?post=5147"},{"taxonomy":"thematique","embeddable":true,"href":"https:\/\/t21learning.institutlejeune.org\/es\/wp-json\/wp\/v2\/thematique?post=5147"},{"taxonomy":"type_contenu","embeddable":true,"href":"https:\/\/t21learning.institutlejeune.org\/es\/wp-json\/wp\/v2\/type_contenu?post=5147"}],"curies":[{"name":"wp","href":"https:\/\/api.w.org\/{rel}","templated":true}]}}