{"id":2768,"date":"2022-07-20T15:53:38","date_gmt":"2022-07-20T13:53:38","guid":{"rendered":"https:\/\/t21learning.institutlejeune.org\/?p=2768"},"modified":"2023-01-19T17:49:17","modified_gmt":"2023-01-19T16:49:17","slug":"masaje-de-estimulacion-de-los-musculos-de-la-cara-desde-el-nacimiento","status":"publish","type":"post","link":"https:\/\/t21learning.institutlejeune.org\/es\/masaje-de-estimulacion-de-los-musculos-de-la-cara-desde-el-nacimiento\/","title":{"rendered":"Masaje de estimulaci\u00f3n de los m\u00fasculos de la cara desde el nacimiento"},"content":{"rendered":"\t\t<div data-elementor-type=\"wp-post\" data-elementor-id=\"2768\" class=\"elementor elementor-2768\" data-elementor-post-type=\"post\">\n\t\t\t\t\t\t<section class=\"elementor-section elementor-top-section elementor-element elementor-element-15a5245 elementor-section-boxed elementor-section-height-default elementor-section-height-default\" data-id=\"15a5245\" data-element_type=\"section\" data-e-type=\"section\">\n\t\t\t\t\t\t<div class=\"elementor-container elementor-column-gap-default\">\n\t\t\t\t\t<div class=\"elementor-column elementor-col-100 elementor-top-column elementor-element elementor-element-5019ee0\" data-id=\"5019ee0\" data-element_type=\"column\" data-e-type=\"column\">\n\t\t\t<div class=\"elementor-widget-wrap elementor-element-populated\">\n\t\t\t\t\t\t<div class=\"elementor-element elementor-element-8321458 elementor-widget elementor-widget-heading\" data-id=\"8321458\" data-element_type=\"widget\" data-e-type=\"widget\" data-widget_type=\"heading.default\">\n\t\t\t\t<div class=\"elementor-widget-container\">\n\t\t\t\t\t<h2 class=\"elementor-heading-title elementor-size-default\">Masaje de estimulaci\u00f3n de los m\u00fasculos de la cara desde el nacimiento<\/h2>\t\t\t\t<\/div>\n\t\t\t\t<\/div>\n\t\t\t\t<div class=\"elementor-element elementor-element-91a899b elementor-widget elementor-widget-image\" data-id=\"91a899b\" data-element_type=\"widget\" data-e-type=\"widget\" data-widget_type=\"image.default\">\n\t\t\t\t<div class=\"elementor-widget-container\">\n\t\t\t\t\t\t\t\t\t\t\t\t\t\t\t<img fetchpriority=\"high\" decoding=\"async\" width=\"932\" height=\"572\" src=\"https:\/\/t21learning.institutlejeune.org\/wp-content\/uploads\/2022\/03\/Massage_visage.jpeg\" class=\"attachment-large size-large wp-image-1686\" alt=\"\" srcset=\"https:\/\/t21learning.institutlejeune.org\/wp-content\/uploads\/2022\/03\/Massage_visage.jpeg 932w, https:\/\/t21learning.institutlejeune.org\/wp-content\/uploads\/2022\/03\/Massage_visage-300x184.jpeg 300w, https:\/\/t21learning.institutlejeune.org\/wp-content\/uploads\/2022\/03\/Massage_visage-768x471.jpeg 768w\" sizes=\"(max-width: 932px) 100vw, 932px\" \/>\t\t\t\t\t\t\t\t\t\t\t\t\t\t\t<\/div>\n\t\t\t\t<\/div>\n\t\t\t\t<div class=\"elementor-element elementor-element-c6092bf elementor-widget elementor-widget-text-editor\" data-id=\"c6092bf\" data-element_type=\"widget\" data-e-type=\"widget\" data-widget_type=\"text-editor.default\">\n\t\t\t\t<div class=\"elementor-widget-container\">\n\t\t\t\t\t\t\t\t\t<p><strong>Desde el nacimiento, el masaje de estimulaci\u00f3n de los m\u00fasculos de la cara y de la boca puede efectuarse en casa<\/strong> por los padres o allegados del beb\u00e9 con trisom\u00eda 21 o de otras deficiencias intelectuales.<\/p>\n<p><\/p>\n<p><strong>Realizados cada d\u00eda, estos gestos pueden mejorar la capacidad del ni\u00f1o\/a de alimentarse, articular y deglutir<\/strong>. Pueden tambi\u00e9n ayudar en el caso de una hipersensibilidad.<\/p>\n<p><\/p>\n<p>A primera vista, el n\u00famero de gestos a realizar seg\u00fan el video es&nbsp; grande. Sin embargo, B\u00e9n\u00e9dicte Ronssin, logopeda que presenta los gestos, desea tranquilizar al entorno. <strong>Esta rutina, una vez adquirida, lleva poco tiempo<\/strong>, puede realizarse varias veces al d\u00eda, antes de las comidas o en cada cambio de pa\u00f1al.<\/p>\t\t\t\t\t\t\t\t<\/div>\n\t\t\t\t<\/div>\n\t\t\t\t<div class=\"elementor-element elementor-element-b8e05ec elementor-widget elementor-widget-video\" data-id=\"b8e05ec\" data-element_type=\"widget\" data-e-type=\"widget\" data-settings=\"{&quot;youtube_url&quot;:&quot;https:\\\/\\\/youtu.be\\\/mCwsoOFg5fw&quot;,&quot;video_type&quot;:&quot;youtube&quot;,&quot;controls&quot;:&quot;yes&quot;}\" data-widget_type=\"video.default\">\n\t\t\t\t<div class=\"elementor-widget-container\">\n\t\t\t\t\t\t\t<div class=\"elementor-wrapper elementor-open-inline\">\n\t\t\t<div class=\"elementor-video\"><\/div>\t\t<\/div>\n\t\t\t\t\t\t<\/div>\n\t\t\t\t<\/div>\n\t\t\t\t<div class=\"elementor-element elementor-element-97d80ef elementor-widget elementor-widget-spacer\" data-id=\"97d80ef\" data-element_type=\"widget\" data-e-type=\"widget\" data-widget_type=\"spacer.default\">\n\t\t\t\t<div class=\"elementor-widget-container\">\n\t\t\t\t\t\t\t<div class=\"elementor-spacer\">\n\t\t\t<div class=\"elementor-spacer-inner\"><\/div>\n\t\t<\/div>\n\t\t\t\t\t\t<\/div>\n\t\t\t\t<\/div>\n\t\t\t\t<div class=\"elementor-element elementor-element-608887d elementor-widget elementor-widget-spacer\" data-id=\"608887d\" data-element_type=\"widget\" data-e-type=\"widget\" data-widget_type=\"spacer.default\">\n\t\t\t\t<div class=\"elementor-widget-container\">\n\t\t\t\t\t\t\t<div class=\"elementor-spacer\">\n\t\t\t<div class=\"elementor-spacer-inner\"><\/div>\n\t\t<\/div>\n\t\t\t\t\t\t<\/div>\n\t\t\t\t<\/div>\n\t\t\t\t\t<\/div>\n\t\t<\/div>\n\t\t\t\t\t<\/div>\n\t\t<\/section>\n\t\t\t\t<\/div>\n\t\t","protected":false},"excerpt":{"rendered":"<p>Masaje de estimulaci\u00f3n de los m\u00fasculos de la cara desde el nacimiento Desde el nacimiento, el masaje de estimulaci\u00f3n de los m\u00fasculos de la cara y de la boca puede efectuarse en casa por los padres o allegados del beb\u00e9 con trisom\u00eda 21 o de otras deficiencias intelectuales. Realizados cada d\u00eda, estos gestos pueden mejorar [&hellip;]<\/p>\n","protected":false},"author":1,"featured_media":1686,"comment_status":"open","ping_status":"open","sticky":true,"template":"","format":"standard","meta":{"_acf_changed":false,"inline_featured_image":false,"footnotes":""},"categories":[45,46],"tags":[],"thematique":[48,49],"type_contenu":[55],"class_list":["post-2768","post","type-post","status-publish","format-standard","has-post-thumbnail","hentry","category-paramedico","category-familia-y-auxiliares-de-ayuda-a-domicilio","thematique-medical-and-paramedical","thematique-daily-life","type_contenu-video-en"],"acf":[],"yoast_head":"<!-- This site is optimized with the Yoast SEO plugin v27.5 - https:\/\/yoast.com\/product\/yoast-seo-wordpress\/ -->\n<title>Masaje de estimulaci\u00f3n de los m\u00fasculos de la cara desde el nacimiento - t21learning<\/title>\n<meta name=\"description\" content=\"Masaje de estimulaci\u00f3n de los m\u00fasculos de la cara desde el nacimiento Desde el nacimiento, el masaje de estimulaci\u00f3n de los m\u00fasculos de la cara y de la\" \/>\n<meta name=\"robots\" content=\"index, follow, max-snippet:-1, max-image-preview:large, max-video-preview:-1\" \/>\n<link rel=\"canonical\" href=\"https:\/\/t21learning.institutlejeune.org\/es\/masaje-de-estimulacion-de-los-musculos-de-la-cara-desde-el-nacimiento\/\" \/>\n<meta property=\"og:locale\" content=\"es_ES\" \/>\n<meta property=\"og:type\" content=\"article\" \/>\n<meta property=\"og:title\" content=\"Masaje de estimulaci\u00f3n de los m\u00fasculos de la cara desde el nacimiento - t21learning\" \/>\n<meta property=\"og:description\" content=\"Masaje de estimulaci\u00f3n de los m\u00fasculos de la cara desde el nacimiento Desde el nacimiento, el masaje de estimulaci\u00f3n de los m\u00fasculos de la cara y de la\" \/>\n<meta property=\"og:url\" content=\"https:\/\/t21learning.institutlejeune.org\/es\/masaje-de-estimulacion-de-los-musculos-de-la-cara-desde-el-nacimiento\/\" \/>\n<meta property=\"og:site_name\" content=\"t21learning\" \/>\n<meta property=\"article:publisher\" content=\"https:\/\/www.facebook.com\/institutlejeune\" \/>\n<meta property=\"article:published_time\" content=\"2022-07-20T13:53:38+00:00\" \/>\n<meta property=\"article:modified_time\" content=\"2023-01-19T16:49:17+00:00\" \/>\n<meta property=\"og:image\" content=\"https:\/\/t21learning.institutlejeune.org\/wp-content\/uploads\/2022\/03\/Massage_visage.jpeg\" \/>\n\t<meta property=\"og:image:width\" content=\"932\" \/>\n\t<meta property=\"og:image:height\" content=\"572\" \/>\n\t<meta property=\"og:image:type\" content=\"image\/jpeg\" \/>\n<meta name=\"author\" content=\"Krea\" \/>\n<meta name=\"twitter:card\" content=\"summary_large_image\" \/>\n<meta name=\"twitter:label1\" content=\"Escrito por\" \/>\n\t<meta name=\"twitter:data1\" content=\"Krea\" \/>\n\t<meta name=\"twitter:label2\" content=\"Tiempo de lectura\" \/>\n\t<meta name=\"twitter:data2\" content=\"1 minuto\" \/>\n<!-- \/ Yoast SEO plugin. -->","yoast_head_json":{"title":"Masaje de estimulaci\u00f3n de los m\u00fasculos de la cara desde el nacimiento - t21learning","description":"Masaje de estimulaci\u00f3n de los m\u00fasculos de la cara desde el nacimiento Desde el nacimiento, el masaje de estimulaci\u00f3n de los m\u00fasculos de la cara y de la","robots":{"index":"index","follow":"follow","max-snippet":"max-snippet:-1","max-image-preview":"max-image-preview:large","max-video-preview":"max-video-preview:-1"},"canonical":"https:\/\/t21learning.institutlejeune.org\/es\/masaje-de-estimulacion-de-los-musculos-de-la-cara-desde-el-nacimiento\/","og_locale":"es_ES","og_type":"article","og_title":"Masaje de estimulaci\u00f3n de los m\u00fasculos de la cara desde el nacimiento - t21learning","og_description":"Masaje de estimulaci\u00f3n de los m\u00fasculos de la cara desde el nacimiento Desde el nacimiento, el masaje de estimulaci\u00f3n de los m\u00fasculos de la cara y de la","og_url":"https:\/\/t21learning.institutlejeune.org\/es\/masaje-de-estimulacion-de-los-musculos-de-la-cara-desde-el-nacimiento\/","og_site_name":"t21learning","article_publisher":"https:\/\/www.facebook.com\/institutlejeune","article_published_time":"2022-07-20T13:53:38+00:00","article_modified_time":"2023-01-19T16:49:17+00:00","og_image":[{"width":932,"height":572,"url":"https:\/\/t21learning.institutlejeune.org\/wp-content\/uploads\/2022\/03\/Massage_visage.jpeg","type":"image\/jpeg"}],"author":"Krea","twitter_card":"summary_large_image","twitter_misc":{"Escrito por":"Krea","Tiempo de lectura":"1 minuto"},"schema":{"@context":"https:\/\/schema.org","@graph":[{"@type":"Article","@id":"https:\/\/t21learning.institutlejeune.org\/es\/masaje-de-estimulacion-de-los-musculos-de-la-cara-desde-el-nacimiento\/#article","isPartOf":{"@id":"https:\/\/t21learning.institutlejeune.org\/es\/masaje-de-estimulacion-de-los-musculos-de-la-cara-desde-el-nacimiento\/"},"author":{"name":"Krea","@id":"https:\/\/t21learning.institutlejeune.org\/es\/#\/schema\/person\/708683e1a619476f1e2f5e4737ca7ad8"},"headline":"Masaje de estimulaci\u00f3n de los m\u00fasculos de la cara desde el nacimiento","datePublished":"2022-07-20T13:53:38+00:00","dateModified":"2023-01-19T16:49:17+00:00","mainEntityOfPage":{"@id":"https:\/\/t21learning.institutlejeune.org\/es\/masaje-de-estimulacion-de-los-musculos-de-la-cara-desde-el-nacimiento\/"},"wordCount":158,"commentCount":0,"publisher":{"@id":"https:\/\/t21learning.institutlejeune.org\/es\/#organization"},"image":{"@id":"https:\/\/t21learning.institutlejeune.org\/es\/masaje-de-estimulacion-de-los-musculos-de-la-cara-desde-el-nacimiento\/#primaryimage"},"thumbnailUrl":"https:\/\/t21learning.institutlejeune.org\/wp-content\/uploads\/2022\/03\/Massage_visage.jpeg","articleSection":["Param\u00e9dico","Familia y auxiliares de ayuda a domicilio"],"inLanguage":"es","potentialAction":[{"@type":"CommentAction","name":"Comment","target":["https:\/\/t21learning.institutlejeune.org\/es\/masaje-de-estimulacion-de-los-musculos-de-la-cara-desde-el-nacimiento\/#respond"]}]},{"@type":"WebPage","@id":"https:\/\/t21learning.institutlejeune.org\/es\/masaje-de-estimulacion-de-los-musculos-de-la-cara-desde-el-nacimiento\/","url":"https:\/\/t21learning.institutlejeune.org\/es\/masaje-de-estimulacion-de-los-musculos-de-la-cara-desde-el-nacimiento\/","name":"Masaje de estimulaci\u00f3n de los m\u00fasculos de la cara desde el nacimiento - t21learning","isPartOf":{"@id":"https:\/\/t21learning.institutlejeune.org\/es\/#website"},"primaryImageOfPage":{"@id":"https:\/\/t21learning.institutlejeune.org\/es\/masaje-de-estimulacion-de-los-musculos-de-la-cara-desde-el-nacimiento\/#primaryimage"},"image":{"@id":"https:\/\/t21learning.institutlejeune.org\/es\/masaje-de-estimulacion-de-los-musculos-de-la-cara-desde-el-nacimiento\/#primaryimage"},"thumbnailUrl":"https:\/\/t21learning.institutlejeune.org\/wp-content\/uploads\/2022\/03\/Massage_visage.jpeg","datePublished":"2022-07-20T13:53:38+00:00","dateModified":"2023-01-19T16:49:17+00:00","description":"Masaje de estimulaci\u00f3n de los m\u00fasculos de la cara desde el nacimiento Desde el nacimiento, el masaje de estimulaci\u00f3n de los m\u00fasculos de la cara y de la","breadcrumb":{"@id":"https:\/\/t21learning.institutlejeune.org\/es\/masaje-de-estimulacion-de-los-musculos-de-la-cara-desde-el-nacimiento\/#breadcrumb"},"inLanguage":"es","potentialAction":[{"@type":"ReadAction","target":["https:\/\/t21learning.institutlejeune.org\/es\/masaje-de-estimulacion-de-los-musculos-de-la-cara-desde-el-nacimiento\/"]}]},{"@type":"ImageObject","inLanguage":"es","@id":"https:\/\/t21learning.institutlejeune.org\/es\/masaje-de-estimulacion-de-los-musculos-de-la-cara-desde-el-nacimiento\/#primaryimage","url":"https:\/\/t21learning.institutlejeune.org\/wp-content\/uploads\/2022\/03\/Massage_visage.jpeg","contentUrl":"https:\/\/t21learning.institutlejeune.org\/wp-content\/uploads\/2022\/03\/Massage_visage.jpeg","width":932,"height":572},{"@type":"BreadcrumbList","@id":"https:\/\/t21learning.institutlejeune.org\/es\/masaje-de-estimulacion-de-los-musculos-de-la-cara-desde-el-nacimiento\/#breadcrumb","itemListElement":[{"@type":"ListItem","position":1,"name":"Accueil","item":"https:\/\/t21learning.institutlejeune.org\/es\/"},{"@type":"ListItem","position":2,"name":"Masaje de estimulaci\u00f3n de los m\u00fasculos de la cara desde el nacimiento"}]},{"@type":"WebSite","@id":"https:\/\/t21learning.institutlejeune.org\/es\/#website","url":"https:\/\/t21learning.institutlejeune.org\/es\/","name":"t21learning","description":"Le centre de ressources en ligne de l&#039;Institut J\u00e9r\u00f4me Lejeune","publisher":{"@id":"https:\/\/t21learning.institutlejeune.org\/es\/#organization"},"potentialAction":[{"@type":"SearchAction","target":{"@type":"EntryPoint","urlTemplate":"https:\/\/t21learning.institutlejeune.org\/es\/?s={search_term_string}"},"query-input":{"@type":"PropertyValueSpecification","valueRequired":true,"valueName":"search_term_string"}}],"inLanguage":"es"},{"@type":"Organization","@id":"https:\/\/t21learning.institutlejeune.org\/es\/#organization","name":"t21learning","url":"https:\/\/t21learning.institutlejeune.org\/es\/","logo":{"@type":"ImageObject","inLanguage":"es","@id":"https:\/\/t21learning.institutlejeune.org\/es\/#\/schema\/logo\/image\/","url":"https:\/\/t21learning.institutlejeune.org\/wp-content\/uploads\/2021\/11\/t21learning_R.svg","contentUrl":"https:\/\/t21learning.institutlejeune.org\/wp-content\/uploads\/2021\/11\/t21learning_R.svg","width":1,"height":1,"caption":"t21learning"},"image":{"@id":"https:\/\/t21learning.institutlejeune.org\/es\/#\/schema\/logo\/image\/"},"sameAs":["https:\/\/www.facebook.com\/institutlejeune"]},{"@type":"Person","@id":"https:\/\/t21learning.institutlejeune.org\/es\/#\/schema\/person\/708683e1a619476f1e2f5e4737ca7ad8","name":"Krea","image":{"@type":"ImageObject","inLanguage":"es","@id":"https:\/\/secure.gravatar.com\/avatar\/e181da371bfde8091401d1ad078a11ef046a162dc2b3d3b5828f3675397f43d3?s=96&d=mm&r=g","url":"https:\/\/secure.gravatar.com\/avatar\/e181da371bfde8091401d1ad078a11ef046a162dc2b3d3b5828f3675397f43d3?s=96&d=mm&r=g","contentUrl":"https:\/\/secure.gravatar.com\/avatar\/e181da371bfde8091401d1ad078a11ef046a162dc2b3d3b5828f3675397f43d3?s=96&d=mm&r=g","caption":"Krea"},"sameAs":["https:\/\/t21learning.institutlejeune.org"]}]}},"_links":{"self":[{"href":"https:\/\/t21learning.institutlejeune.org\/es\/wp-json\/wp\/v2\/posts\/2768","targetHints":{"allow":["GET"]}}],"collection":[{"href":"https:\/\/t21learning.institutlejeune.org\/es\/wp-json\/wp\/v2\/posts"}],"about":[{"href":"https:\/\/t21learning.institutlejeune.org\/es\/wp-json\/wp\/v2\/types\/post"}],"author":[{"embeddable":true,"href":"https:\/\/t21learning.institutlejeune.org\/es\/wp-json\/wp\/v2\/users\/1"}],"replies":[{"embeddable":true,"href":"https:\/\/t21learning.institutlejeune.org\/es\/wp-json\/wp\/v2\/comments?post=2768"}],"version-history":[{"count":10,"href":"https:\/\/t21learning.institutlejeune.org\/es\/wp-json\/wp\/v2\/posts\/2768\/revisions"}],"predecessor-version":[{"id":3460,"href":"https:\/\/t21learning.institutlejeune.org\/es\/wp-json\/wp\/v2\/posts\/2768\/revisions\/3460"}],"wp:featuredmedia":[{"embeddable":true,"href":"https:\/\/t21learning.institutlejeune.org\/es\/wp-json\/wp\/v2\/media\/1686"}],"wp:attachment":[{"href":"https:\/\/t21learning.institutlejeune.org\/es\/wp-json\/wp\/v2\/media?parent=2768"}],"wp:term":[{"taxonomy":"category","embeddable":true,"href":"https:\/\/t21learning.institutlejeune.org\/es\/wp-json\/wp\/v2\/categories?post=2768"},{"taxonomy":"post_tag","embeddable":true,"href":"https:\/\/t21learning.institutlejeune.org\/es\/wp-json\/wp\/v2\/tags?post=2768"},{"taxonomy":"thematique","embeddable":true,"href":"https:\/\/t21learning.institutlejeune.org\/es\/wp-json\/wp\/v2\/thematique?post=2768"},{"taxonomy":"type_contenu","embeddable":true,"href":"https:\/\/t21learning.institutlejeune.org\/es\/wp-json\/wp\/v2\/type_contenu?post=2768"}],"curies":[{"name":"wp","href":"https:\/\/api.w.org\/{rel}","templated":true}]}}