{"id":1983,"date":"2022-07-22T15:34:19","date_gmt":"2022-07-22T13:34:19","guid":{"rendered":"https:\/\/t21learning.institutlejeune.org\/?p=1983"},"modified":"2023-11-22T17:30:04","modified_gmt":"2023-11-22T16:30:04","slug":"patologias-no-infecciosas-de-las-vias-aereas-superiores","status":"publish","type":"post","link":"https:\/\/t21learning.institutlejeune.org\/es\/patologias-no-infecciosas-de-las-vias-aereas-superiores\/","title":{"rendered":"Patolog\u00edas no infecciosas de las v\u00edas a\u00e9reas superiores"},"content":{"rendered":"\t\t<div data-elementor-type=\"wp-post\" data-elementor-id=\"1983\" class=\"elementor elementor-1983\" data-elementor-post-type=\"post\">\n\t\t\t\t\t\t<section class=\"elementor-section elementor-top-section elementor-element elementor-element-90c2455 elementor-section-boxed elementor-section-height-default elementor-section-height-default\" data-id=\"90c2455\" data-element_type=\"section\" data-e-type=\"section\">\n\t\t\t\t\t\t<div class=\"elementor-container elementor-column-gap-default\">\n\t\t\t\t\t<div class=\"elementor-column elementor-col-100 elementor-top-column elementor-element elementor-element-11fe4a7\" data-id=\"11fe4a7\" data-element_type=\"column\" data-e-type=\"column\">\n\t\t\t<div class=\"elementor-widget-wrap elementor-element-populated\">\n\t\t\t\t\t\t<div class=\"elementor-element elementor-element-815d048 elementor-widget elementor-widget-text-editor\" data-id=\"815d048\" data-element_type=\"widget\" data-e-type=\"widget\" data-widget_type=\"text-editor.default\">\n\t\t\t\t<div class=\"elementor-widget-container\">\n\t\t\t\t\t\t\t\t\t<p><strong>PATOLOG\u00cdAS RESPIRATORIAS<\/strong><\/p>\t\t\t\t\t\t\t\t<\/div>\n\t\t\t\t<\/div>\n\t\t\t\t<div class=\"elementor-element elementor-element-29977f6 elementor-widget elementor-widget-heading\" data-id=\"29977f6\" data-element_type=\"widget\" data-e-type=\"widget\" data-widget_type=\"heading.default\">\n\t\t\t\t<div class=\"elementor-widget-container\">\n\t\t\t\t\t<h2 class=\"elementor-heading-title elementor-size-default\">Patolog\u00edas no infecciosas de las v\u00edas a\u00e9reas superiores<\/h2>\t\t\t\t<\/div>\n\t\t\t\t<\/div>\n\t\t\t\t\t<\/div>\n\t\t<\/div>\n\t\t\t\t\t<\/div>\n\t\t<\/section>\n\t\t\t\t<section class=\"elementor-section elementor-top-section elementor-element elementor-element-ab0afed elementor-section-boxed elementor-section-height-default elementor-section-height-default\" data-id=\"ab0afed\" data-element_type=\"section\" data-e-type=\"section\">\n\t\t\t\t\t\t<div class=\"elementor-container elementor-column-gap-default\">\n\t\t\t\t\t<div class=\"elementor-column elementor-col-66 elementor-top-column elementor-element elementor-element-35d05da\" data-id=\"35d05da\" data-element_type=\"column\" data-e-type=\"column\">\n\t\t\t<div class=\"elementor-widget-wrap elementor-element-populated\">\n\t\t\t\t\t\t<div class=\"elementor-element elementor-element-dcb356f elementor-widget elementor-widget-image\" data-id=\"dcb356f\" data-element_type=\"widget\" data-e-type=\"widget\" data-widget_type=\"image.default\">\n\t\t\t\t<div class=\"elementor-widget-container\">\n\t\t\t\t\t\t\t\t\t\t\t\t\t\t\t<img fetchpriority=\"high\" decoding=\"async\" width=\"932\" height=\"572\" src=\"https:\/\/t21learning.institutlejeune.org\/wp-content\/uploads\/2022\/03\/Pathologies_non_infectieuses_VAS.jpeg\" class=\"attachment-large size-large wp-image-1986\" alt=\"\" srcset=\"https:\/\/t21learning.institutlejeune.org\/wp-content\/uploads\/2022\/03\/Pathologies_non_infectieuses_VAS.jpeg 932w, https:\/\/t21learning.institutlejeune.org\/wp-content\/uploads\/2022\/03\/Pathologies_non_infectieuses_VAS-300x184.jpeg 300w, https:\/\/t21learning.institutlejeune.org\/wp-content\/uploads\/2022\/03\/Pathologies_non_infectieuses_VAS-768x471.jpeg 768w\" sizes=\"(max-width: 932px) 100vw, 932px\" \/>\t\t\t\t\t\t\t\t\t\t\t\t\t\t\t<\/div>\n\t\t\t\t<\/div>\n\t\t\t\t\t<\/div>\n\t\t<\/div>\n\t\t\t\t<div class=\"elementor-column elementor-col-33 elementor-top-column elementor-element elementor-element-796cd35\" data-id=\"796cd35\" data-element_type=\"column\" data-e-type=\"column\">\n\t\t\t<div class=\"elementor-widget-wrap elementor-element-populated\">\n\t\t\t\t\t\t<div class=\"elementor-element elementor-element-621cdfa elementor-widget elementor-widget-toggle\" data-id=\"621cdfa\" data-element_type=\"widget\" data-e-type=\"widget\" data-widget_type=\"toggle.default\">\n\t\t\t\t<div class=\"elementor-widget-container\">\n\t\t\t\t\t\t\t<div class=\"elementor-toggle\">\n\t\t\t\t\t\t\t<div class=\"elementor-toggle-item\">\n\t\t\t\t\t<div id=\"elementor-tab-title-1021\" class=\"elementor-tab-title\" data-tab=\"1\" role=\"button\" aria-controls=\"elementor-tab-content-1021\" aria-expanded=\"false\">\n\t\t\t\t\t\t\t\t\t\t\t\t<span class=\"elementor-toggle-icon elementor-toggle-icon-left\" aria-hidden=\"true\">\n\t\t\t\t\t\t\t\t\t\t\t\t\t\t\t<span class=\"elementor-toggle-icon-closed\"><i class=\"fas fa-caret-right\"><\/i><\/span>\n\t\t\t\t\t\t\t\t<span class=\"elementor-toggle-icon-opened\"><i class=\"elementor-toggle-icon-opened fas fa-caret-up\"><\/i><\/span>\n\t\t\t\t\t\t\t\t\t\t\t\t\t<\/span>\n\t\t\t\t\t\t\t\t\t\t\t\t<a class=\"elementor-toggle-title\" tabindex=\"0\">ESQUEMA DEL CAPITULO<\/a>\n\t\t\t\t\t<\/div>\n\n\t\t\t\t\t<div id=\"elementor-tab-content-1021\" class=\"elementor-tab-content elementor-clearfix\" data-tab=\"1\" role=\"region\" aria-labelledby=\"elementor-tab-title-1021\"><p><a href=\"https:\/\/t21learning.institutlejeune.org\/es\/retrato-general-de-las-patologias-respiratorias-en-trisomia-21\/\" target=\"_blank\" rel=\"noopener\">1- Retrato general<\/a><\/p><p>\u00a0<\/p><p><strong><a href=\"https:\/\/t21learning.institutlejeune.org\/es\/patologias-no-infecciosas-de-las-vias-aereas-superiores\/\" target=\"_blank\" rel=\"noopener\">2- Patolog\u00edas no infecciosas de las v\u00edas a\u00e9reas superiores<\/a><\/strong><\/p><p>\u00a0<\/p><p><a href=\"https:\/\/t21learning.institutlejeune.org\/es\/patologias-no-infecciosas-del-pulmon-y-de-las-vias-aereas-inferiores\/\" target=\"_blank\" rel=\"noopener\">3- Patolog\u00edas no infecciosas del pulm\u00f3n y de las v\u00edas a\u00e9reas inferiores<\/a><\/p><p>\u00a0<\/p><p><a href=\"https:\/\/t21learning.institutlejeune.org\/es\/patologias-respiratorias-infecciosas-de-las-vias-aereas-superiores-vas\/\" target=\"_blank\" rel=\"noopener\">4- Patolog\u00edas respiratorias infecciosas de las v\u00edas a\u00e9reas superiores<\/a><\/p><p>\u00a0<\/p><p><a href=\"https:\/\/t21learning.institutlejeune.org\/es\/patologias-infecciosas-de-las-vias-respiratorias-bajas-en-las-personas-con-trisomia-21\/\">5- Patolog\u00edas infecciosas de las v\u00edas respiratorias bajas<\/a><\/p><p>\u00a0<\/p><p><a href=\"https:\/\/t21learning.institutlejeune.org\/es\/prevencion-de-las-infecciones-respiratorias\/\" target=\"_blank\" rel=\"noopener\">6- Prevenci\u00f3n de las infecciones respiratorias<\/a><\/p><p>\u00a0<\/p><p><a href=\"https:\/\/t21learning.institutlejeune.org\/es\/el-sindrome-de-apneas-obstructivas-del-sueno-saos\/\">7- El s\u00edndrome de apnea obstructiva del sue\u00f1o<\/a><a href=\"https:\/\/t21learning.institutlejeune.org\/es\/el-sindrome-de-apneas-obstructivas-del-sueno-saos\/\"> (SAOS)<\/a><\/p><p>\u00a0<\/p><p><a href=\"https:\/\/t21learning.institutlejeune.org\/es\/apneas-centrales-del-sueno-hipoventilacion-alveolar-e-hipoxemia\/\">8- Apnea central del sue\u00f1o, hipoventilaci\u00f3n alveolar e hipoxemia<\/a><\/p><p>\u00a0<\/p><p><a href=\"https:\/\/t21learning.institutlejeune.org\/es\/hemosiderosis-pulmonarn-mucoviscidosis-y-trisomia-21\/\">9- Hemosiderosis pulmonar, mucoviscidosis y trisomia 21<\/a><\/p><\/div>\n\t\t\t\t<\/div>\n\t\t\t\t\t\t\t\t<\/div>\n\t\t\t\t\t\t<\/div>\n\t\t\t\t<\/div>\n\t\t\t\t\t<\/div>\n\t\t<\/div>\n\t\t\t\t\t<\/div>\n\t\t<\/section>\n\t\t\t\t<section class=\"elementor-section elementor-top-section elementor-element elementor-element-122386f elementor-section-boxed elementor-section-height-default elementor-section-height-default\" data-id=\"122386f\" data-element_type=\"section\" data-e-type=\"section\">\n\t\t\t\t\t\t<div class=\"elementor-container elementor-column-gap-default\">\n\t\t\t\t\t<div class=\"elementor-column elementor-col-100 elementor-top-column elementor-element elementor-element-8ad00be\" data-id=\"8ad00be\" data-element_type=\"column\" data-e-type=\"column\">\n\t\t\t<div class=\"elementor-widget-wrap elementor-element-populated\">\n\t\t\t\t\t\t<div class=\"elementor-element elementor-element-f8c47a1 elementor-widget elementor-widget-text-editor\" data-id=\"f8c47a1\" data-element_type=\"widget\" data-e-type=\"widget\" data-widget_type=\"text-editor.default\">\n\t\t\t\t<div class=\"elementor-widget-container\">\n\t\t\t\t\t\t\t\t\t<p><span lang=\"ES\">Las patolog\u00edas no infecciosas de las v\u00edas a\u00e9reas superiores son muy frecuentes durante la primera infancia en ni\u00f1os con trisom\u00eda 21, debido a su particular estructura anat\u00f3mica, sumada a factores locales o generales. Estas patolog\u00edas suelen presentarse como s\u00edndromes obstructivos.<\/span><\/p><p>\u00a0<\/p><p>Su prevalencia y su potencial gravedad justifican su diagn\u00f3stico a trav\u00e9s de una prueba otorrinolaringol\u00f3gica (ORL) sistem\u00e1tica anual hasta la edad de 10 a\u00f1os.<\/p><p>El doctor Herv\u00e9 Walti, pediatra el Instituto J\u00e9r\u00f4me Lejeune, le cuenta m\u00e1s en este v\u00eddeo y en la ficha t\u00e9cnica que le acompa\u00f1a sobre la prevalencia, las circunstancias del descubrimiento, el diagn\u00f3stico y el tratamiento de las 3 principales patolog\u00edas de las v\u00edas a\u00e9reas: la laringomalacia, la traqueomalacia y las broncomalacias, as\u00ed como sobre patolog\u00edas subgl\u00f3ticas y traqueales de las personas con trisom\u00eda 21.<\/p>\t\t\t\t\t\t\t\t<\/div>\n\t\t\t\t<\/div>\n\t\t\t\t\t<\/div>\n\t\t<\/div>\n\t\t\t\t\t<\/div>\n\t\t<\/section>\n\t\t\t\t<section class=\"elementor-section elementor-top-section elementor-element elementor-element-f16d585 elementor-section-boxed elementor-section-height-default elementor-section-height-default\" data-id=\"f16d585\" data-element_type=\"section\" data-e-type=\"section\">\n\t\t\t\t\t\t<div class=\"elementor-container elementor-column-gap-default\">\n\t\t\t\t\t<div class=\"elementor-column elementor-col-100 elementor-top-column elementor-element elementor-element-3905d11\" data-id=\"3905d11\" data-element_type=\"column\" data-e-type=\"column\">\n\t\t\t<div class=\"elementor-widget-wrap elementor-element-populated\">\n\t\t\t\t\t\t<div class=\"elementor-element elementor-element-7143697 elementor-widget elementor-widget-video\" data-id=\"7143697\" data-element_type=\"widget\" data-e-type=\"widget\" data-settings=\"{&quot;youtube_url&quot;:&quot;https:\\\/\\\/youtu.be\\\/Lk6U-W4IMEU&quot;,&quot;video_type&quot;:&quot;youtube&quot;,&quot;controls&quot;:&quot;yes&quot;}\" data-widget_type=\"video.default\">\n\t\t\t\t<div class=\"elementor-widget-container\">\n\t\t\t\t\t\t\t<div class=\"elementor-wrapper elementor-open-inline\">\n\t\t\t<div class=\"elementor-video\"><\/div>\t\t<\/div>\n\t\t\t\t\t\t<\/div>\n\t\t\t\t<\/div>\n\t\t\t\t\t<\/div>\n\t\t<\/div>\n\t\t\t\t\t<\/div>\n\t\t<\/section>\n\t\t\t\t<section class=\"elementor-section elementor-top-section elementor-element elementor-element-57f3c16 elementor-section-boxed elementor-section-height-default elementor-section-height-default\" data-id=\"57f3c16\" data-element_type=\"section\" data-e-type=\"section\">\n\t\t\t\t\t\t<div class=\"elementor-container elementor-column-gap-default\">\n\t\t\t\t\t<div class=\"elementor-column elementor-col-100 elementor-top-column elementor-element elementor-element-71082b5\" data-id=\"71082b5\" data-element_type=\"column\" data-e-type=\"column\">\n\t\t\t<div class=\"elementor-widget-wrap elementor-element-populated\">\n\t\t\t\t\t\t<div class=\"elementor-element elementor-element-a3d9644 elementor-widget elementor-widget-spacer\" data-id=\"a3d9644\" data-element_type=\"widget\" data-e-type=\"widget\" data-widget_type=\"spacer.default\">\n\t\t\t\t<div class=\"elementor-widget-container\">\n\t\t\t\t\t\t\t<div class=\"elementor-spacer\">\n\t\t\t<div class=\"elementor-spacer-inner\"><\/div>\n\t\t<\/div>\n\t\t\t\t\t\t<\/div>\n\t\t\t\t<\/div>\n\t\t\t\t<div class=\"elementor-element elementor-element-c5f6bef elementor-align-center elementor-widget elementor-widget-button\" data-id=\"c5f6bef\" data-element_type=\"widget\" data-e-type=\"widget\" data-widget_type=\"button.default\">\n\t\t\t\t<div class=\"elementor-widget-container\">\n\t\t\t\t\t\t\t\t\t<div class=\"elementor-button-wrapper\">\n\t\t\t\t\t<a class=\"elementor-button elementor-button-link elementor-size-sm\" href=\"https:\/\/t21learning.institutlejeune.org\/wp-content\/uploads\/2023\/08\/2.2-Patologias-no-infecciosas-de-las-vias-respiratorias-altas-ES.pdf\" target=\"_blank\">\n\t\t\t\t\t\t<span class=\"elementor-button-content-wrapper\">\n\t\t\t\t\t\t\t\t\t<span class=\"elementor-button-text\">Descargar la ficha de s\u00edntesis<\/span>\n\t\t\t\t\t<\/span>\n\t\t\t\t\t<\/a>\n\t\t\t\t<\/div>\n\t\t\t\t\t\t\t\t<\/div>\n\t\t\t\t<\/div>\n\t\t\t\t<div class=\"elementor-element elementor-element-c60d9bd elementor-widget elementor-widget-spacer\" data-id=\"c60d9bd\" data-element_type=\"widget\" data-e-type=\"widget\" data-widget_type=\"spacer.default\">\n\t\t\t\t<div class=\"elementor-widget-container\">\n\t\t\t\t\t\t\t<div class=\"elementor-spacer\">\n\t\t\t<div class=\"elementor-spacer-inner\"><\/div>\n\t\t<\/div>\n\t\t\t\t\t\t<\/div>\n\t\t\t\t<\/div>\n\t\t\t\t<div class=\"elementor-element elementor-element-8e78e35 elementor-widget elementor-widget-shortcode\" data-id=\"8e78e35\" data-element_type=\"widget\" data-e-type=\"widget\" data-widget_type=\"shortcode.default\">\n\t\t\t\t<div class=\"elementor-widget-container\">\n\t\t\t\t\t\t\t<div class=\"elementor-shortcode\"><div class=\"_df_book df-lite\" id=\"df_2970\"  _slug=\"2-2-patologias-no-infecciosas-de-las-vias-aereas-superiores-_-esp\" data-title=\"2-2-patologias-no-infecciosas-de-las-vias-aereas-superiores-_-esp\" wpoptions=\"true\" thumbtype=\"\" ><\/div><script class=\"df-shortcode-script\" nowprocket type=\"application\/javascript\">window.option_df_2970 = {\"outline\":[],\"autoEnableOutline\":\"false\",\"autoEnableThumbnail\":\"false\",\"overwritePDFOutline\":\"false\",\"direction\":\"1\",\"pageSize\":\"0\",\"source\":\"https:\\\/\\\/t21learning.institutlejeune.org\\\/wp-content\\\/uploads\\\/2022\\\/07\\\/2.-Pathologies-non-infectieuses-des-voies-aeriennes-superieures_ES_relu.pdf\",\"wpOptions\":\"true\"}; if(window.DFLIP && window.DFLIP.parseBooks){window.DFLIP.parseBooks();}<\/script><\/div>\n\t\t\t\t\t\t<\/div>\n\t\t\t\t<\/div>\n\t\t\t\t<div class=\"elementor-element elementor-element-d3d8b19 elementor-widget elementor-widget-spacer\" data-id=\"d3d8b19\" data-element_type=\"widget\" data-e-type=\"widget\" data-widget_type=\"spacer.default\">\n\t\t\t\t<div class=\"elementor-widget-container\">\n\t\t\t\t\t\t\t<div class=\"elementor-spacer\">\n\t\t\t<div class=\"elementor-spacer-inner\"><\/div>\n\t\t<\/div>\n\t\t\t\t\t\t<\/div>\n\t\t\t\t<\/div>\n\t\t\t\t<div class=\"elementor-element elementor-element-0b1c4de elementor-align-justify btn-refs elementor-widget elementor-widget-button\" data-id=\"0b1c4de\" data-element_type=\"widget\" data-e-type=\"widget\" data-widget_type=\"button.default\">\n\t\t\t\t<div class=\"elementor-widget-container\">\n\t\t\t\t\t\t\t\t\t<div class=\"elementor-button-wrapper\">\n\t\t\t\t\t<a class=\"elementor-button elementor-button-link elementor-size-sm\" href=\"#\">\n\t\t\t\t\t\t<span class=\"elementor-button-content-wrapper\">\n\t\t\t\t\t\t\t\t\t<span class=\"elementor-button-text\">Ver las referencias<\/span>\n\t\t\t\t\t<\/span>\n\t\t\t\t\t<\/a>\n\t\t\t\t<\/div>\n\t\t\t\t\t\t\t\t<\/div>\n\t\t\t\t<\/div>\n\t\t\t\t<section class=\"elementor-section elementor-inner-section elementor-element elementor-element-4927079 div-refs div-refs-closed elementor-section-boxed elementor-section-height-default elementor-section-height-default\" data-id=\"4927079\" data-element_type=\"section\" data-e-type=\"section\">\n\t\t\t\t\t\t<div class=\"elementor-container elementor-column-gap-default\">\n\t\t\t\t\t<div class=\"elementor-column elementor-col-50 elementor-inner-column elementor-element elementor-element-8796c58\" data-id=\"8796c58\" data-element_type=\"column\" data-e-type=\"column\">\n\t\t\t<div class=\"elementor-widget-wrap elementor-element-populated\">\n\t\t\t\t\t\t<div class=\"elementor-element elementor-element-cc88220 elementor-widget elementor-widget-text-editor\" data-id=\"cc88220\" data-element_type=\"widget\" data-e-type=\"widget\" data-widget_type=\"text-editor.default\">\n\t\t\t\t<div class=\"elementor-widget-container\">\n\t\t\t\t\t\t\t\t\t<ul><li>Alimi A, Taytard J, Abou Taam R, Houdouin V, Forgeron A, Lubrano Lavadera M, Cros P, Gibertini I, Derelle J, Deschildre A, Thumerelle C, Epaud R, Reix P, Fayon M, Roullaud S, Troussier F, Renoux MC, de Blic J, Leyronnas S, Thouvenin G, Perisson C, Ravel A, Clement A, Corvol H, Nathan N; French RespiRare\u00ae group. Pulmonary hemosiderosis in children with Down syndrome: a national experience. Orphanet J Rare Dis. 2018 Apr 20;13(1):60. doi: 10.1186\/s13023-018-0806-6. PMID: 29678139; PMCID: PMC5910623.<\/li><li>Bear CE. A Therapy for Most with Cystic Fibrosis. Cell. 2020 Jan 23;180(2):211. doi: 10.1016\/j.cell.2019.12.032. PMID: 31978337.<\/li><li>Bloom JL, Frank B, Weinman JP, Galambos C, O&#8217;Leary ST, Liptzin DR, Fuhlbrigge RC. Diffuse alveolar hemorrhage in children with trisomy 21. Pediatr Rheumatol Online J. 2021 Jul 17;19(1):114. doi: 10.1186\/s12969-021-00592-4. PMID: 34273981; PMCID: PMC8285855.<\/li><li>Bush D, Abman SH, Galambos C. Prominent Intrapulmonary Bronchopulmonary Anastomoses and Abnormal Lung Development in Infants and Children with Down Syndrome. J Pediatr. 2017 Jan;180:156-162.e1. doi: 10.1016\/j.jpeds.2016.08.063. Epub 2016 Sep 22. PMID: 27666181.<\/li><\/ul><ul><li>Bush D, Galambos C, Dunbar Ivy D. Pulmonary hypertension in children with Down syndrome. Pediatr Pulmonol. 2021 Mar;56(3):621-629. doi: 10.1002\/ppul.24687. Epub 2020 Feb 12. PMID: 32049444.<\/li><li>Charbek E, Kamel G, Nayak RP. Ivacaftor for the Treatment of Cystic Fibrosis Coexisting with Trisomy 21: A Case Report. Cureus. 2019 Nov 18;11(11):e6179. doi: 10.7759\/cureus.6179. PMID: 31890385; PMCID: PMC6919948.<\/li><\/ul>\t\t\t\t\t\t\t\t<\/div>\n\t\t\t\t<\/div>\n\t\t\t\t\t<\/div>\n\t\t<\/div>\n\t\t\t\t<div class=\"elementor-column elementor-col-50 elementor-inner-column elementor-element elementor-element-d2b4e33\" data-id=\"d2b4e33\" data-element_type=\"column\" data-e-type=\"column\">\n\t\t\t<div class=\"elementor-widget-wrap elementor-element-populated\">\n\t\t\t\t\t\t<div class=\"elementor-element elementor-element-a903b36 elementor-widget elementor-widget-text-editor\" data-id=\"a903b36\" data-element_type=\"widget\" data-e-type=\"widget\" data-widget_type=\"text-editor.default\">\n\t\t\t\t<div class=\"elementor-widget-container\">\n\t\t\t\t\t\t\t\t\t<ul><li>Marston AP, White DR. Subglottic Stenosis. Clin Perinatol. 2018 Dec;45(4):787-804. doi: 10.1016\/j.clp.2018.07.013. Epub 2018 Aug 27. PMID: 30396418.<\/li><li>Miller R, Gray SD, Cotton RT, Myer CM 3rd, Netterville J. Subglottic stenosis and Down syndrome. Am J Otolaryngol. 1990 Jul-Aug;11(4):274-7. doi: 10.1016\/0196-0709(90)90089-e. PMID: 2146897.<\/li><li>Reinhard A, Sandu K. Laryngomalacie: cause principale de stridor chez le nourrisson et le petit enfant [Laryngomalacia: principal cause of stridor in infants and small children]. Rev Med Suisse. 2014 Oct 1;10(444):1816-9. French. PMID: 25417338.<\/li><li>Revell SM, Clark WD. Late-onset laryngomalacia: a cause of pediatric obstructive sleep apnea. Int J Pediatr Otorhinolaryngol. 2011 Feb;75(2):231-8. doi: 10.1016\/j.ijporl.2010.11.007. Epub 2010 Nov 27. PMID: 21115204.<\/li><li>Shepard JO, Flores EJ, Abbott GF. Imaging of the trachea. Ann Cardiothorac Surg. 2018 Mar;7(2):197-209. doi: 10.21037\/acs.2018.03.09. PMID: 29707497; PMCID: PMC5900079.<\/li><li>Shott SR. Down syndrome: analysis of airway size and a guide for appropriate intubation. Laryngoscope. 2000 Apr;110(4):585-92. doi: 10.1097\/00005537-200004000-00010. PMID: 10764002.<\/li><li>Walner DL, Loewen MS, Kimura RE. Neonatal subglottic stenosis&#8211;incidence and trends. Laryngoscope. 2001 Jan;111(1):48-51. doi: 10.1097\/00005537-200101000-00009. PMID: 11192899.<\/li><li>Wells TR, Landing BH, Shamszadeh M, Thompson JW, Bove KE, Caron KH. Association of Down syndrome and segmental tracheal stenosis with ring tracheal cartilages: a review of nine cases. Pediatr Pathol. 1992 Sep-Oct;12(5):673-82. doi: 10.3109\/15513819209024220. PMID: 1437879.<\/li><\/ul>\t\t\t\t\t\t\t\t<\/div>\n\t\t\t\t<\/div>\n\t\t\t\t\t<\/div>\n\t\t<\/div>\n\t\t\t\t\t<\/div>\n\t\t<\/section>\n\t\t\t\t<div class=\"elementor-element elementor-element-3978ec8 elementor-widget elementor-widget-html\" data-id=\"3978ec8\" data-element_type=\"widget\" data-e-type=\"widget\" data-widget_type=\"html.default\">\n\t\t\t\t<div class=\"elementor-widget-container\">\n\t\t\t\t\t<script>\n    jQuery(\".btn-refs\").on(\"click\", function(e){\n        e.preventDefault()\n        jQuery(\".div-refs\").toggleClass(\"div-refs-closed\")\n    })\n<\/script>\n\n<style>\nbody:not(.elementor-editor-active) .div-refs{\n    transition: 0.3s;\n    max-height: 1000px;\n}\n    body:not(.elementor-editor-active) .div-refs-closed{\n        max-height: 0;\n        overflow: hidden !important;\n    }\n<\/style>\t\t\t\t<\/div>\n\t\t\t\t<\/div>\n\t\t\t\t\t<\/div>\n\t\t<\/div>\n\t\t\t\t\t<\/div>\n\t\t<\/section>\n\t\t\t\t<\/div>\n\t\t","protected":false},"excerpt":{"rendered":"<p>PATOLOG\u00cdAS RESPIRATORIAS Patolog\u00edas no infecciosas de las v\u00edas a\u00e9reas superiores ESQUEMA DEL CAPITULO 1- Retrato general \u00a0 2- Patolog\u00edas no infecciosas de las v\u00edas a\u00e9reas superiores \u00a0 3- Patolog\u00edas no infecciosas del pulm\u00f3n y de las v\u00edas a\u00e9reas inferiores \u00a0 4- Patolog\u00edas respiratorias infecciosas de las v\u00edas a\u00e9reas superiores \u00a0 5- Patolog\u00edas infecciosas de las [&hellip;]<\/p>\n","protected":false},"author":14,"featured_media":1986,"comment_status":"open","ping_status":"open","sticky":false,"template":"","format":"standard","meta":{"_acf_changed":false,"inline_featured_image":false,"footnotes":""},"categories":[2],"tags":[],"thematique":[51],"type_contenu":[56],"class_list":["post-1983","post","type-post","status-publish","format-standard","has-post-thumbnail","hentry","category-medecin","thematique-medica-y-paramedica","type_contenu-video-es"],"acf":[],"yoast_head":"<!-- This site is optimized with the Yoast SEO plugin v27.5 - https:\/\/yoast.com\/product\/yoast-seo-wordpress\/ -->\n<title>Patolog\u00edas no infecciosas de las v\u00edas a\u00e9reas superiores - t21learning<\/title>\n<meta name=\"description\" content=\"PATOLOG\u00cdAS RESPIRATORIAS Patolog\u00edas no infecciosas de las v\u00edas a\u00e9reas superiores ESQUEMA DEL CAPITULO 1- Retrato general\u00a02- Patolog\u00edas no infecciosas de\" \/>\n<meta name=\"robots\" content=\"index, follow, max-snippet:-1, max-image-preview:large, max-video-preview:-1\" \/>\n<link rel=\"canonical\" href=\"https:\/\/t21learning.institutlejeune.org\/es\/patologias-no-infecciosas-de-las-vias-aereas-superiores\/\" \/>\n<meta property=\"og:locale\" content=\"es_ES\" \/>\n<meta property=\"og:type\" content=\"article\" \/>\n<meta property=\"og:title\" content=\"Patolog\u00edas no infecciosas de las v\u00edas a\u00e9reas superiores - t21learning\" \/>\n<meta property=\"og:description\" content=\"PATOLOG\u00cdAS RESPIRATORIAS Patolog\u00edas no infecciosas de las v\u00edas a\u00e9reas superiores ESQUEMA DEL CAPITULO 1- Retrato general\u00a02- Patolog\u00edas no infecciosas de\" \/>\n<meta property=\"og:url\" content=\"https:\/\/t21learning.institutlejeune.org\/es\/patologias-no-infecciosas-de-las-vias-aereas-superiores\/\" \/>\n<meta property=\"og:site_name\" content=\"t21learning\" \/>\n<meta property=\"article:publisher\" content=\"https:\/\/www.facebook.com\/institutlejeune\" \/>\n<meta property=\"article:published_time\" content=\"2022-07-22T13:34:19+00:00\" \/>\n<meta property=\"article:modified_time\" content=\"2023-11-22T16:30:04+00:00\" \/>\n<meta property=\"og:image\" content=\"https:\/\/t21learning.institutlejeune.org\/wp-content\/uploads\/2022\/03\/Pathologies_non_infectieuses_VAS.jpeg\" \/>\n\t<meta property=\"og:image:width\" content=\"932\" \/>\n\t<meta property=\"og:image:height\" content=\"572\" \/>\n\t<meta property=\"og:image:type\" content=\"image\/jpeg\" \/>\n<meta name=\"author\" content=\"Clotilde\" \/>\n<meta name=\"twitter:card\" content=\"summary_large_image\" \/>\n<meta name=\"twitter:label1\" content=\"Escrito por\" \/>\n\t<meta name=\"twitter:data1\" content=\"Clotilde\" \/>\n\t<meta name=\"twitter:label2\" content=\"Tiempo de lectura\" \/>\n\t<meta name=\"twitter:data2\" content=\"4 minutos\" \/>\n<!-- \/ Yoast SEO plugin. -->","yoast_head_json":{"title":"Patolog\u00edas no infecciosas de las v\u00edas a\u00e9reas superiores - t21learning","description":"PATOLOG\u00cdAS RESPIRATORIAS Patolog\u00edas no infecciosas de las v\u00edas a\u00e9reas superiores ESQUEMA DEL CAPITULO 1- Retrato general\u00a02- Patolog\u00edas no infecciosas de","robots":{"index":"index","follow":"follow","max-snippet":"max-snippet:-1","max-image-preview":"max-image-preview:large","max-video-preview":"max-video-preview:-1"},"canonical":"https:\/\/t21learning.institutlejeune.org\/es\/patologias-no-infecciosas-de-las-vias-aereas-superiores\/","og_locale":"es_ES","og_type":"article","og_title":"Patolog\u00edas no infecciosas de las v\u00edas a\u00e9reas superiores - t21learning","og_description":"PATOLOG\u00cdAS RESPIRATORIAS Patolog\u00edas no infecciosas de las v\u00edas a\u00e9reas superiores ESQUEMA DEL CAPITULO 1- Retrato general\u00a02- Patolog\u00edas no infecciosas de","og_url":"https:\/\/t21learning.institutlejeune.org\/es\/patologias-no-infecciosas-de-las-vias-aereas-superiores\/","og_site_name":"t21learning","article_publisher":"https:\/\/www.facebook.com\/institutlejeune","article_published_time":"2022-07-22T13:34:19+00:00","article_modified_time":"2023-11-22T16:30:04+00:00","og_image":[{"width":932,"height":572,"url":"https:\/\/t21learning.institutlejeune.org\/wp-content\/uploads\/2022\/03\/Pathologies_non_infectieuses_VAS.jpeg","type":"image\/jpeg"}],"author":"Clotilde","twitter_card":"summary_large_image","twitter_misc":{"Escrito por":"Clotilde","Tiempo de lectura":"4 minutos"},"schema":{"@context":"https:\/\/schema.org","@graph":[{"@type":"Article","@id":"https:\/\/t21learning.institutlejeune.org\/es\/patologias-no-infecciosas-de-las-vias-aereas-superiores\/#article","isPartOf":{"@id":"https:\/\/t21learning.institutlejeune.org\/es\/patologias-no-infecciosas-de-las-vias-aereas-superiores\/"},"author":{"name":"Clotilde","@id":"https:\/\/t21learning.institutlejeune.org\/es\/#\/schema\/person\/6e7e4ac2afcbc44ac9a5023ccda1523d"},"headline":"Patolog\u00edas no infecciosas de las v\u00edas a\u00e9reas superiores","datePublished":"2022-07-22T13:34:19+00:00","dateModified":"2023-11-22T16:30:04+00:00","mainEntityOfPage":{"@id":"https:\/\/t21learning.institutlejeune.org\/es\/patologias-no-infecciosas-de-las-vias-aereas-superiores\/"},"wordCount":688,"commentCount":0,"publisher":{"@id":"https:\/\/t21learning.institutlejeune.org\/es\/#organization"},"image":{"@id":"https:\/\/t21learning.institutlejeune.org\/es\/patologias-no-infecciosas-de-las-vias-aereas-superiores\/#primaryimage"},"thumbnailUrl":"https:\/\/t21learning.institutlejeune.org\/wp-content\/uploads\/2022\/03\/Pathologies_non_infectieuses_VAS.jpeg","articleSection":["M\u00e9decin"],"inLanguage":"es","potentialAction":[{"@type":"CommentAction","name":"Comment","target":["https:\/\/t21learning.institutlejeune.org\/es\/patologias-no-infecciosas-de-las-vias-aereas-superiores\/#respond"]}]},{"@type":"WebPage","@id":"https:\/\/t21learning.institutlejeune.org\/es\/patologias-no-infecciosas-de-las-vias-aereas-superiores\/","url":"https:\/\/t21learning.institutlejeune.org\/es\/patologias-no-infecciosas-de-las-vias-aereas-superiores\/","name":"Patolog\u00edas no infecciosas de las v\u00edas a\u00e9reas superiores - t21learning","isPartOf":{"@id":"https:\/\/t21learning.institutlejeune.org\/es\/#website"},"primaryImageOfPage":{"@id":"https:\/\/t21learning.institutlejeune.org\/es\/patologias-no-infecciosas-de-las-vias-aereas-superiores\/#primaryimage"},"image":{"@id":"https:\/\/t21learning.institutlejeune.org\/es\/patologias-no-infecciosas-de-las-vias-aereas-superiores\/#primaryimage"},"thumbnailUrl":"https:\/\/t21learning.institutlejeune.org\/wp-content\/uploads\/2022\/03\/Pathologies_non_infectieuses_VAS.jpeg","datePublished":"2022-07-22T13:34:19+00:00","dateModified":"2023-11-22T16:30:04+00:00","description":"PATOLOG\u00cdAS RESPIRATORIAS Patolog\u00edas no infecciosas de las v\u00edas a\u00e9reas superiores ESQUEMA DEL CAPITULO 1- Retrato general\u00a02- Patolog\u00edas no infecciosas de","breadcrumb":{"@id":"https:\/\/t21learning.institutlejeune.org\/es\/patologias-no-infecciosas-de-las-vias-aereas-superiores\/#breadcrumb"},"inLanguage":"es","potentialAction":[{"@type":"ReadAction","target":["https:\/\/t21learning.institutlejeune.org\/es\/patologias-no-infecciosas-de-las-vias-aereas-superiores\/"]}]},{"@type":"ImageObject","inLanguage":"es","@id":"https:\/\/t21learning.institutlejeune.org\/es\/patologias-no-infecciosas-de-las-vias-aereas-superiores\/#primaryimage","url":"https:\/\/t21learning.institutlejeune.org\/wp-content\/uploads\/2022\/03\/Pathologies_non_infectieuses_VAS.jpeg","contentUrl":"https:\/\/t21learning.institutlejeune.org\/wp-content\/uploads\/2022\/03\/Pathologies_non_infectieuses_VAS.jpeg","width":932,"height":572},{"@type":"BreadcrumbList","@id":"https:\/\/t21learning.institutlejeune.org\/es\/patologias-no-infecciosas-de-las-vias-aereas-superiores\/#breadcrumb","itemListElement":[{"@type":"ListItem","position":1,"name":"Accueil","item":"https:\/\/t21learning.institutlejeune.org\/es\/"},{"@type":"ListItem","position":2,"name":"Patolog\u00edas no infecciosas de las v\u00edas a\u00e9reas superiores"}]},{"@type":"WebSite","@id":"https:\/\/t21learning.institutlejeune.org\/es\/#website","url":"https:\/\/t21learning.institutlejeune.org\/es\/","name":"t21learning","description":"Le centre de ressources en ligne de l&#039;Institut J\u00e9r\u00f4me Lejeune","publisher":{"@id":"https:\/\/t21learning.institutlejeune.org\/es\/#organization"},"potentialAction":[{"@type":"SearchAction","target":{"@type":"EntryPoint","urlTemplate":"https:\/\/t21learning.institutlejeune.org\/es\/?s={search_term_string}"},"query-input":{"@type":"PropertyValueSpecification","valueRequired":true,"valueName":"search_term_string"}}],"inLanguage":"es"},{"@type":"Organization","@id":"https:\/\/t21learning.institutlejeune.org\/es\/#organization","name":"t21learning","url":"https:\/\/t21learning.institutlejeune.org\/es\/","logo":{"@type":"ImageObject","inLanguage":"es","@id":"https:\/\/t21learning.institutlejeune.org\/es\/#\/schema\/logo\/image\/","url":"https:\/\/t21learning.institutlejeune.org\/wp-content\/uploads\/2021\/11\/t21learning_R.svg","contentUrl":"https:\/\/t21learning.institutlejeune.org\/wp-content\/uploads\/2021\/11\/t21learning_R.svg","width":1,"height":1,"caption":"t21learning"},"image":{"@id":"https:\/\/t21learning.institutlejeune.org\/es\/#\/schema\/logo\/image\/"},"sameAs":["https:\/\/www.facebook.com\/institutlejeune"]},{"@type":"Person","@id":"https:\/\/t21learning.institutlejeune.org\/es\/#\/schema\/person\/6e7e4ac2afcbc44ac9a5023ccda1523d","name":"Clotilde","image":{"@type":"ImageObject","inLanguage":"es","@id":"https:\/\/secure.gravatar.com\/avatar\/3307cbfcf7d5623221a54641cb856945193597ac5287d1a6efd52f4ac7ab8a50?s=96&d=mm&r=g","url":"https:\/\/secure.gravatar.com\/avatar\/3307cbfcf7d5623221a54641cb856945193597ac5287d1a6efd52f4ac7ab8a50?s=96&d=mm&r=g","contentUrl":"https:\/\/secure.gravatar.com\/avatar\/3307cbfcf7d5623221a54641cb856945193597ac5287d1a6efd52f4ac7ab8a50?s=96&d=mm&r=g","caption":"Clotilde"}}]}},"_links":{"self":[{"href":"https:\/\/t21learning.institutlejeune.org\/es\/wp-json\/wp\/v2\/posts\/1983","targetHints":{"allow":["GET"]}}],"collection":[{"href":"https:\/\/t21learning.institutlejeune.org\/es\/wp-json\/wp\/v2\/posts"}],"about":[{"href":"https:\/\/t21learning.institutlejeune.org\/es\/wp-json\/wp\/v2\/types\/post"}],"author":[{"embeddable":true,"href":"https:\/\/t21learning.institutlejeune.org\/es\/wp-json\/wp\/v2\/users\/14"}],"replies":[{"embeddable":true,"href":"https:\/\/t21learning.institutlejeune.org\/es\/wp-json\/wp\/v2\/comments?post=1983"}],"version-history":[{"count":22,"href":"https:\/\/t21learning.institutlejeune.org\/es\/wp-json\/wp\/v2\/posts\/1983\/revisions"}],"predecessor-version":[{"id":5712,"href":"https:\/\/t21learning.institutlejeune.org\/es\/wp-json\/wp\/v2\/posts\/1983\/revisions\/5712"}],"wp:featuredmedia":[{"embeddable":true,"href":"https:\/\/t21learning.institutlejeune.org\/es\/wp-json\/wp\/v2\/media\/1986"}],"wp:attachment":[{"href":"https:\/\/t21learning.institutlejeune.org\/es\/wp-json\/wp\/v2\/media?parent=1983"}],"wp:term":[{"taxonomy":"category","embeddable":true,"href":"https:\/\/t21learning.institutlejeune.org\/es\/wp-json\/wp\/v2\/categories?post=1983"},{"taxonomy":"post_tag","embeddable":true,"href":"https:\/\/t21learning.institutlejeune.org\/es\/wp-json\/wp\/v2\/tags?post=1983"},{"taxonomy":"thematique","embeddable":true,"href":"https:\/\/t21learning.institutlejeune.org\/es\/wp-json\/wp\/v2\/thematique?post=1983"},{"taxonomy":"type_contenu","embeddable":true,"href":"https:\/\/t21learning.institutlejeune.org\/es\/wp-json\/wp\/v2\/type_contenu?post=1983"}],"curies":[{"name":"wp","href":"https:\/\/api.w.org\/{rel}","templated":true}]}}