{"id":2096,"date":"2022-07-22T16:32:07","date_gmt":"2022-07-22T14:32:07","guid":{"rendered":"https:\/\/t21learning.institutlejeune.org\/?p=2096"},"modified":"2023-11-22T17:27:36","modified_gmt":"2023-11-22T16:27:36","slug":"central-sleep-apnea-alveolar-hypoventilation-and-hypoxemia","status":"publish","type":"post","link":"https:\/\/t21learning.institutlejeune.org\/en\/central-sleep-apnea-alveolar-hypoventilation-and-hypoxemia\/","title":{"rendered":"Central Sleep Apnea, Alveolar Hypoventilation, and Hypoxemia"},"content":{"rendered":"\t\t<div data-elementor-type=\"wp-post\" data-elementor-id=\"2096\" class=\"elementor elementor-2096\" data-elementor-post-type=\"post\">\n\t\t\t\t\t\t<section class=\"elementor-section elementor-top-section elementor-element elementor-element-691d3fd elementor-section-boxed elementor-section-height-default elementor-section-height-default\" data-id=\"691d3fd\" data-element_type=\"section\" data-e-type=\"section\">\n\t\t\t\t\t\t<div class=\"elementor-container elementor-column-gap-default\">\n\t\t\t\t\t<div class=\"elementor-column elementor-col-100 elementor-top-column elementor-element elementor-element-90a2de2\" data-id=\"90a2de2\" data-element_type=\"column\" data-e-type=\"column\">\n\t\t\t<div class=\"elementor-widget-wrap elementor-element-populated\">\n\t\t\t\t\t\t<div class=\"elementor-element elementor-element-0156930 elementor-widget elementor-widget-text-editor\" data-id=\"0156930\" data-element_type=\"widget\" data-e-type=\"widget\" data-widget_type=\"text-editor.default\">\n\t\t\t\t<div class=\"elementor-widget-container\">\n\t\t\t\t\t\t\t\t\t<p><strong>RESPIRATORY PATHOLOGIES<\/strong><\/p>\t\t\t\t\t\t\t\t<\/div>\n\t\t\t\t<\/div>\n\t\t\t\t<div class=\"elementor-element elementor-element-29977f6 elementor-widget elementor-widget-heading\" data-id=\"29977f6\" data-element_type=\"widget\" data-e-type=\"widget\" data-widget_type=\"heading.default\">\n\t\t\t\t<div class=\"elementor-widget-container\">\n\t\t\t\t\t<h2 class=\"elementor-heading-title elementor-size-default\">Central Sleep Apnea, Alveolar Hypoventilation, and Hypoxemia<\/h2>\t\t\t\t<\/div>\n\t\t\t\t<\/div>\n\t\t\t\t\t<\/div>\n\t\t<\/div>\n\t\t\t\t\t<\/div>\n\t\t<\/section>\n\t\t\t\t<section class=\"elementor-section elementor-top-section elementor-element elementor-element-1421ec1 elementor-section-boxed elementor-section-height-default elementor-section-height-default\" data-id=\"1421ec1\" data-element_type=\"section\" data-e-type=\"section\">\n\t\t\t\t\t\t<div class=\"elementor-container elementor-column-gap-default\">\n\t\t\t\t\t<div class=\"elementor-column elementor-col-66 elementor-top-column elementor-element elementor-element-6c07189\" data-id=\"6c07189\" data-element_type=\"column\" data-e-type=\"column\">\n\t\t\t<div class=\"elementor-widget-wrap elementor-element-populated\">\n\t\t\t\t\t\t<div class=\"elementor-element elementor-element-dcb356f elementor-widget elementor-widget-image\" data-id=\"dcb356f\" data-element_type=\"widget\" data-e-type=\"widget\" data-widget_type=\"image.default\">\n\t\t\t\t<div class=\"elementor-widget-container\">\n\t\t\t\t\t\t\t\t\t\t\t\t\t\t\t<img fetchpriority=\"high\" decoding=\"async\" width=\"932\" height=\"572\" src=\"https:\/\/t21learning.institutlejeune.org\/wp-content\/uploads\/2022\/03\/Troubles_sommeil_ACS_HVA_Hypoxemie.jpeg\" class=\"attachment-large size-large wp-image-2105\" alt=\"\" srcset=\"https:\/\/t21learning.institutlejeune.org\/wp-content\/uploads\/2022\/03\/Troubles_sommeil_ACS_HVA_Hypoxemie.jpeg 932w, https:\/\/t21learning.institutlejeune.org\/wp-content\/uploads\/2022\/03\/Troubles_sommeil_ACS_HVA_Hypoxemie-300x184.jpeg 300w, https:\/\/t21learning.institutlejeune.org\/wp-content\/uploads\/2022\/03\/Troubles_sommeil_ACS_HVA_Hypoxemie-768x471.jpeg 768w\" sizes=\"(max-width: 932px) 100vw, 932px\" \/>\t\t\t\t\t\t\t\t\t\t\t\t\t\t\t<\/div>\n\t\t\t\t<\/div>\n\t\t\t\t\t<\/div>\n\t\t<\/div>\n\t\t\t\t<div class=\"elementor-column elementor-col-33 elementor-top-column elementor-element elementor-element-6378d36\" data-id=\"6378d36\" data-element_type=\"column\" data-e-type=\"column\">\n\t\t\t<div class=\"elementor-widget-wrap elementor-element-populated\">\n\t\t\t\t\t\t<div class=\"elementor-element elementor-element-fc823b8 elementor-widget elementor-widget-toggle\" data-id=\"fc823b8\" data-element_type=\"widget\" data-e-type=\"widget\" data-widget_type=\"toggle.default\">\n\t\t\t\t<div class=\"elementor-widget-container\">\n\t\t\t\t\t\t\t<div class=\"elementor-toggle\">\n\t\t\t\t\t\t\t<div class=\"elementor-toggle-item\">\n\t\t\t\t\t<div id=\"elementor-tab-title-2641\" class=\"elementor-tab-title\" data-tab=\"1\" role=\"button\" aria-controls=\"elementor-tab-content-2641\" aria-expanded=\"false\">\n\t\t\t\t\t\t\t\t\t\t\t\t<span class=\"elementor-toggle-icon elementor-toggle-icon-left\" aria-hidden=\"true\">\n\t\t\t\t\t\t\t\t\t\t\t\t\t\t\t<span class=\"elementor-toggle-icon-closed\"><i class=\"fas fa-caret-right\"><\/i><\/span>\n\t\t\t\t\t\t\t\t<span class=\"elementor-toggle-icon-opened\"><i class=\"elementor-toggle-icon-opened fas fa-caret-up\"><\/i><\/span>\n\t\t\t\t\t\t\t\t\t\t\t\t\t<\/span>\n\t\t\t\t\t\t\t\t\t\t\t\t<a class=\"elementor-toggle-title\" tabindex=\"0\">CHAPTER OUTLINE<\/a>\n\t\t\t\t\t<\/div>\n\n\t\t\t\t\t<div id=\"elementor-tab-content-2641\" class=\"elementor-tab-content elementor-clearfix\" data-tab=\"1\" role=\"region\" aria-labelledby=\"elementor-tab-title-2641\"><p><a href=\"https:\/\/t21learning.institutlejeune.org\/en\/general-overview-of-respiratory-pathologies-in-trisomy-21\/\" target=\"_blank\" rel=\"noopener\">1- General overview<\/a><\/p><p>\u00a0<\/p><p><a href=\"https:\/\/t21learning.institutlejeune.org\/en\/non-infectious-respiratory-pathologies-of-the-upper-airways\/\" target=\"_blank\" rel=\"noopener\">2- Non-Infectious Respiratory Pathologies of the Upper Airways<\/a><\/p><p>\u00a0<\/p><p><a href=\"https:\/\/t21learning.institutlejeune.org\/en\/non-infectious-pathologies-of-the-lungs-and-lower-airways\/\" target=\"_blank\" rel=\"noopener\">3- Non-Infectious Pathologies of the Lungs and Lower Airways<\/a><\/p><p>\u00a0<\/p><p><a href=\"https:\/\/t21learning.institutlejeune.org\/en\/infectious-respiratory-pathologies-of-the-upper-airways\/\" target=\"_blank\" rel=\"noopener\">4- Infectious Respiratory Pathologies of the Upper Airways<\/a><\/p><p>\u00a0<\/p><p><a href=\"https:\/\/t21learning.institutlejeune.org\/en\/lower-respiratory-tract-infections-in-individuals-with-trisomy-21\/\">5- Lower respiratory tract infections<\/a><\/p><p>\u00a0<\/p><p><a href=\"https:\/\/t21learning.institutlejeune.org\/en\/preventing-respiratory-tract-infections-rtis\/\" target=\"_blank\" rel=\"noopener\">6- Preventing respiratory tract infections<\/a><\/p><p>\u00a0<\/p><p><a href=\"https:\/\/t21learning.institutlejeune.org\/en\/obstructive-sleep-apnea-syndrome-osas\/\">7- Obstructive sleep apnea syndrome<\/a><\/p><p>\u00a0<\/p><p><strong><a href=\"https:\/\/t21learning.institutlejeune.org\/en\/central-sleep-apnea-alveolar-hypoventilation-and-hypoxemia\/\">8- Central Sleep Apnea, Alveolar Hypoventilation, and Hypoxemia<\/a><\/strong><\/p><p>\u00a0<\/p><p><a href=\"https:\/\/t21learning.institutlejeune.org\/en\/pulmonary-hemosiderosis-and-mucoviscidosis\/\">9- Pulmonary Hemosiderosis and Mucoviscidosis<\/a><\/p><\/div>\n\t\t\t\t<\/div>\n\t\t\t\t\t\t\t\t<\/div>\n\t\t\t\t\t\t<\/div>\n\t\t\t\t<\/div>\n\t\t\t\t\t<\/div>\n\t\t<\/div>\n\t\t\t\t\t<\/div>\n\t\t<\/section>\n\t\t\t\t<section class=\"elementor-section elementor-top-section elementor-element elementor-element-122386f elementor-section-boxed elementor-section-height-default elementor-section-height-default\" data-id=\"122386f\" data-element_type=\"section\" data-e-type=\"section\">\n\t\t\t\t\t\t<div class=\"elementor-container elementor-column-gap-default\">\n\t\t\t\t\t<div class=\"elementor-column elementor-col-100 elementor-top-column elementor-element elementor-element-8ad00be\" data-id=\"8ad00be\" data-element_type=\"column\" data-e-type=\"column\">\n\t\t\t<div class=\"elementor-widget-wrap elementor-element-populated\">\n\t\t\t\t\t\t<div class=\"elementor-element elementor-element-f8c47a1 elementor-widget elementor-widget-text-editor\" data-id=\"f8c47a1\" data-element_type=\"widget\" data-e-type=\"widget\" data-widget_type=\"text-editor.default\">\n\t\t\t\t<div class=\"elementor-widget-container\">\n\t\t\t\t\t\t\t\t\t<p>Although obstructive sleep apnea syndrome is the main sleep-disordered breathing in patients with trisomy 21, other disorders such as central sleep apnea, alveolar hypoventilation, and hypoxemia should not be ignored. They are more frequent than in the general population.<\/p><p><br><\/p>\n<p>In this video and accompanying technical sheet, Dr. Herv\u00e9 Walti, a pediatrician at the J\u00e9r\u00f4me Lejeune Institute, tells you more about the prevalence, diagnosis, etiological hypotheses, consequences, and management of these sleep disorders.<\/p>\t\t\t\t\t\t\t\t<\/div>\n\t\t\t\t<\/div>\n\t\t\t\t\t<\/div>\n\t\t<\/div>\n\t\t\t\t\t<\/div>\n\t\t<\/section>\n\t\t\t\t<section class=\"elementor-section elementor-top-section elementor-element elementor-element-f16d585 elementor-section-boxed elementor-section-height-default elementor-section-height-default\" data-id=\"f16d585\" data-element_type=\"section\" data-e-type=\"section\">\n\t\t\t\t\t\t<div class=\"elementor-container elementor-column-gap-default\">\n\t\t\t\t\t<div class=\"elementor-column elementor-col-100 elementor-top-column elementor-element elementor-element-3905d11\" data-id=\"3905d11\" data-element_type=\"column\" data-e-type=\"column\">\n\t\t\t<div class=\"elementor-widget-wrap elementor-element-populated\">\n\t\t\t\t\t\t<div class=\"elementor-element elementor-element-7143697 elementor-widget elementor-widget-video\" data-id=\"7143697\" data-element_type=\"widget\" data-e-type=\"widget\" data-settings=\"{&quot;youtube_url&quot;:&quot;https:\\\/\\\/youtu.be\\\/XayjdTHR4DQ&quot;,&quot;video_type&quot;:&quot;youtube&quot;,&quot;controls&quot;:&quot;yes&quot;}\" data-widget_type=\"video.default\">\n\t\t\t\t<div class=\"elementor-widget-container\">\n\t\t\t\t\t\t\t<div class=\"elementor-wrapper elementor-open-inline\">\n\t\t\t<div class=\"elementor-video\"><\/div>\t\t<\/div>\n\t\t\t\t\t\t<\/div>\n\t\t\t\t<\/div>\n\t\t\t\t<div class=\"elementor-element elementor-element-f7af7b0 elementor-widget elementor-widget-spacer\" data-id=\"f7af7b0\" data-element_type=\"widget\" data-e-type=\"widget\" data-widget_type=\"spacer.default\">\n\t\t\t\t<div class=\"elementor-widget-container\">\n\t\t\t\t\t\t\t<div class=\"elementor-spacer\">\n\t\t\t<div class=\"elementor-spacer-inner\"><\/div>\n\t\t<\/div>\n\t\t\t\t\t\t<\/div>\n\t\t\t\t<\/div>\n\t\t\t\t<div class=\"elementor-element elementor-element-61995dd elementor-align-center elementor-widget elementor-widget-button\" data-id=\"61995dd\" data-element_type=\"widget\" data-e-type=\"widget\" data-widget_type=\"button.default\">\n\t\t\t\t<div class=\"elementor-widget-container\">\n\t\t\t\t\t\t\t\t\t<div class=\"elementor-button-wrapper\">\n\t\t\t\t\t<a class=\"elementor-button elementor-button-link elementor-size-sm\" href=\"https:\/\/t21learning.institutlejeune.org\/wp-content\/uploads\/2023\/08\/2.8-Sleep-Disordered-Breathing-in-Patients-EN.pdf\" target=\"_blank\">\n\t\t\t\t\t\t<span class=\"elementor-button-content-wrapper\">\n\t\t\t\t\t\t\t\t\t<span class=\"elementor-button-text\">Download the Summary Sheet<\/span>\n\t\t\t\t\t<\/span>\n\t\t\t\t\t<\/a>\n\t\t\t\t<\/div>\n\t\t\t\t\t\t\t\t<\/div>\n\t\t\t\t<\/div>\n\t\t\t\t\t<\/div>\n\t\t<\/div>\n\t\t\t\t\t<\/div>\n\t\t<\/section>\n\t\t\t\t<section class=\"elementor-section elementor-top-section elementor-element elementor-element-7c91a0c elementor-section-boxed elementor-section-height-default elementor-section-height-default\" data-id=\"7c91a0c\" data-element_type=\"section\" data-e-type=\"section\">\n\t\t\t\t\t\t<div class=\"elementor-container elementor-column-gap-default\">\n\t\t\t\t\t<div class=\"elementor-column elementor-col-100 elementor-top-column elementor-element elementor-element-1a6f652\" data-id=\"1a6f652\" data-element_type=\"column\" data-e-type=\"column\">\n\t\t\t<div class=\"elementor-widget-wrap elementor-element-populated\">\n\t\t\t\t\t\t<div class=\"elementor-element elementor-element-cbcdf75 elementor-widget elementor-widget-shortcode\" data-id=\"cbcdf75\" data-element_type=\"widget\" data-e-type=\"widget\" data-widget_type=\"shortcode.default\">\n\t\t\t\t<div class=\"elementor-widget-container\">\n\t\t\t\t\t\t\t<div class=\"elementor-shortcode\"><div class=\"_df_book df-lite\" id=\"df_3019\"  _slug=\"2-8-central-sleep-apnea-alveolar-hypoventilation-and-hypoxemia-_-eng\" data-title=\"2-8-central-sleep-apnea-alveolar-hypoventilation-and-hypoxemia-_-eng\" wpoptions=\"true\" thumbtype=\"\" ><\/div><script class=\"df-shortcode-script\" nowprocket type=\"application\/javascript\">window.option_df_3019 = {\"outline\":[],\"autoEnableOutline\":\"false\",\"autoEnableThumbnail\":\"false\",\"overwritePDFOutline\":\"false\",\"direction\":\"1\",\"pageSize\":\"0\",\"source\":\"https:\\\/\\\/t21learning.institutlejeune.org\\\/wp-content\\\/uploads\\\/2022\\\/07\\\/8.-Troubles-respiratoires-du-sommeil_ACS-HVA-Hypoxemie-FR_ENG.pdf\",\"wpOptions\":\"true\"}; if(window.DFLIP && window.DFLIP.parseBooks){window.DFLIP.parseBooks();}<\/script>\n<\/div>\n\t\t\t\t\t\t<\/div>\n\t\t\t\t<\/div>\n\t\t\t\t<div class=\"elementor-element elementor-element-3285601 elementor-widget elementor-widget-spacer\" data-id=\"3285601\" data-element_type=\"widget\" data-e-type=\"widget\" data-widget_type=\"spacer.default\">\n\t\t\t\t<div class=\"elementor-widget-container\">\n\t\t\t\t\t\t\t<div class=\"elementor-spacer\">\n\t\t\t<div class=\"elementor-spacer-inner\"><\/div>\n\t\t<\/div>\n\t\t\t\t\t\t<\/div>\n\t\t\t\t<\/div>\n\t\t\t\t<div class=\"elementor-element elementor-element-a56980a elementor-widget elementor-widget-spacer\" data-id=\"a56980a\" data-element_type=\"widget\" data-e-type=\"widget\" data-widget_type=\"spacer.default\">\n\t\t\t\t<div class=\"elementor-widget-container\">\n\t\t\t\t\t\t\t<div class=\"elementor-spacer\">\n\t\t\t<div class=\"elementor-spacer-inner\"><\/div>\n\t\t<\/div>\n\t\t\t\t\t\t<\/div>\n\t\t\t\t<\/div>\n\t\t\t\t<div class=\"elementor-element elementor-element-03ed1fa elementor-align-justify btn-refs elementor-widget elementor-widget-button\" data-id=\"03ed1fa\" data-element_type=\"widget\" data-e-type=\"widget\" data-widget_type=\"button.default\">\n\t\t\t\t<div class=\"elementor-widget-container\">\n\t\t\t\t\t\t\t\t\t<div class=\"elementor-button-wrapper\">\n\t\t\t\t\t<a class=\"elementor-button elementor-button-link elementor-size-sm\" href=\"#\">\n\t\t\t\t\t\t<span class=\"elementor-button-content-wrapper\">\n\t\t\t\t\t\t\t\t\t<span class=\"elementor-button-text\">See references<\/span>\n\t\t\t\t\t<\/span>\n\t\t\t\t\t<\/a>\n\t\t\t\t<\/div>\n\t\t\t\t\t\t\t\t<\/div>\n\t\t\t\t<\/div>\n\t\t\t\t<section class=\"elementor-section elementor-inner-section elementor-element elementor-element-f693b07 div-refs div-refs-closed elementor-section-boxed elementor-section-height-default elementor-section-height-default\" data-id=\"f693b07\" data-element_type=\"section\" data-e-type=\"section\">\n\t\t\t\t\t\t<div class=\"elementor-container elementor-column-gap-default\">\n\t\t\t\t\t<div class=\"elementor-column elementor-col-50 elementor-inner-column elementor-element elementor-element-ea0cac3\" data-id=\"ea0cac3\" data-element_type=\"column\" data-e-type=\"column\">\n\t\t\t<div class=\"elementor-widget-wrap elementor-element-populated\">\n\t\t\t\t\t\t<div class=\"elementor-element elementor-element-ee5a8fe elementor-widget elementor-widget-text-editor\" data-id=\"ee5a8fe\" data-element_type=\"widget\" data-e-type=\"widget\" data-widget_type=\"text-editor.default\">\n\t\t\t\t<div class=\"elementor-widget-container\">\n\t\t\t\t\t\t\t\t\t<ul><li>Boudewyns A, Van de Heyning P, Verhulst S. Central apneas in children with obstructive sleep apnea syndrome: prevalence and effect of upper airway surgery. Sleep Med. 2016 Sep;25:93-97. doi: 10.1016\/j.sleep.2016.05.018. Epub 2016 Sep 13. PMID: 27823724.<\/li><li>de Carvalho TD, de Abreu LC, Mustacchi Z, Vanderlei LC, Godoy MF, Raimundo RD, Ferreira Filho C, da Silva TD, Guilhoto L, Perico V, Finotti VR, Ferreira C. Cardiac autonomic modulation of children with Down syndrome. Pediatr Cardiol. 2015 Feb;36(2):344-9. doi: 10.1007\/s00246-014-1012-5. Epub 2014 Aug 28. PMID: 25164236.<\/li><li>Del-R\u00edo Camacho G, Medina Castillo L, Rodr\u00edguez-Catal\u00e1n J, Soto Insuga V, G\u00f3mez Garc\u00eda T. Central sleep apnea in children with obstructive sleep apnea syndrome and improvement following adenotonsillectomy. Pediatr Pulmonol. 2019 Nov;54(11):1670-1675. doi: 10.1002\/ppul.24469. Epub 2019 Aug 2. PMID: 31373175.<\/li><li>Dudoignon B, Amaddeo A, Frapin A, Thierry B, de Sanctis L, Arroyo JO, Khirani S, Fauroux B. Obstructive sleep apnea in Down syndrome: Benefits of surgery and noninvasive respiratory support. Am J Med Genet A. 2017 Aug;173(8):2074-2080. doi: 10.1002\/ajmg.a.38283. Epub 2017 May 24. PMID: 28544488.<\/li><li>Fan Z, Ahn M, Roth HL, Li L, Vaughn BV. Sleep Apnea and Hypoventilation in Patients with Down Syndrome: Analysis of 144 Polysomnogram Studies. Children (Basel). 2017 Jun 30;4(7):55. doi: 10.3390\/children4070055. PMID: 28665356; PMCID: PMC5532547.<\/li><li>Felix O, Amaddeo A, Olmo Arroyo J, Zerah M, Puget S, Cormier-Daire V, Baujat G, Pinto G, Fernandez-Bolanos M, Fauroux B. Central sleep apnea in children: experience at a single center. Sleep Med. 2016 Sep;25:24-28. doi: 10.1016\/j.sleep.2016.07.016. Epub 2016 Aug 31. PMID: 27823711.<\/li><li>Ferri R, Curzi-Dascalova L, Del Gracco S, Elia M, Musumeci SA, Stefanini MC. Respiratory patterns during sleep in Down&#8217;s syndrome:importance of central apnoeas. J Sleep Res. 1997 Jun;6(2):134-41. doi: 10.1046\/j.1365-2869.1997.00030.x. PMID: 9377533.<\/li><li>Hughes BH, Brinton JT, Ingram DG, Halbower AC. The Impact of Altitude on Sleep-Disordered Breathing in Children Dwelling at High Altitude: A Crossover Study. Sleep. 2017 Sep 1;40(9):zsx120. doi: 10.1093\/sleep\/zsx120. PMID: 28934528; PMCID: PMC5806567.<\/li><li>McLaren AT, Bin-Hasan S, Narang I. Diagnosis, management and pathophysiology of central sleep apnea in children. Paediatr Respir Rev. 2019 Apr;30:49-57. doi: 10.1016\/j.prrv.2018.07.005. Epub 2018 Jul 25. PMID: 30170958.<\/li><li>Naime S, Weiss M, Lew J, Aziz J, Pan Q, Allen M, Xuchen X, Weinstock J, Nino G. Central breathing abnormalities in children with trisomy 21: Effect of age, sex, and concomitant OSA. Pediatr Pulmonol. 2021 Feb;56(2):472-478. doi: 10.1002\/ppul.25157. Epub 2020 Dec 14. PMID: 33146451.<\/li><li>O&#8217;Driscoll DM, Foster AM, Ng ML, Yang JS, Bashir F, Wong S, Nixon GM, Davey MJ, Anderson V, Walker AM, Trinder J, Horne RS. Central apnoeas have significant effects on blood pressure and heart rate in children. J Sleep Res. 2009 Dec;18(4):415-21. doi: 10.1111\/j.1365-2869.2009.00766.x. Epub 2009 Aug 31. PMID: 19732317.<\/li><li>O&#8217;Driscoll DM, Horne RS, Davey MJ, Hope SA, Anderson V, Trinder J, Walker AM, Nixon GM. Cardiac and sympathetic activation are reduced in children with Down syndrome and sleep disordered breathing. Sleep. 2012 Sep 1;35(9):1269-75. doi: 10.5665\/sleep.2084. PMID: 22942505; PMCID: PMC3413804.<\/li><\/ul>\t\t\t\t\t\t\t\t<\/div>\n\t\t\t\t<\/div>\n\t\t\t\t\t<\/div>\n\t\t<\/div>\n\t\t\t\t<div class=\"elementor-column elementor-col-50 elementor-inner-column elementor-element elementor-element-39a3e67\" data-id=\"39a3e67\" data-element_type=\"column\" data-e-type=\"column\">\n\t\t\t<div class=\"elementor-widget-wrap elementor-element-populated\">\n\t\t\t\t\t\t<div class=\"elementor-element elementor-element-26acbfe elementor-widget elementor-widget-text-editor\" data-id=\"26acbfe\" data-element_type=\"widget\" data-e-type=\"widget\" data-widget_type=\"text-editor.default\">\n\t\t\t\t<div class=\"elementor-widget-container\">\n\t\t\t\t\t\t\t\t\t<ul><li>Paruthi S, Rosen CL, Wang R, Weng J, Marcus CL, Chervin RD, Stanley JJ, Katz ES, Amin R, Redline S. End-Tidal Carbon Dioxide Measurement during Pediatric Polysomnography: Signal Quality, Association with Apnea Severity, and Prediction of Neurobehavioral Outcomes. Sleep. 2015 Nov 1;38(11):1719-26. doi: 10.5665\/sleep.5150. PMID: 26414902; PMCID: PMC4813353.<\/li><li>Praud JP. Long-Term Non-invasive Ventilation in Children: Current Use, Indications, and Contraindications. Front Pediatr. 2020 Nov 5;8:584334. doi: 10.3389\/fped.2020.584334. PMID: 33224908; PMCID: PMC7674588.<\/li><li>Richard N, Beydon N, Berdah L, Corvol H, Aubertin G, Taytard J. Nocturnal hypoventilation in Down syndrome children with or without sleep apnea. Pediatr Pulmonol. 2020 May;55(5):1246-1253. doi: 10.1002\/ppul.24703. Epub 2020 Feb 28. PMID: 32110849.<\/li><li>Siriwardhana LS, Nixon GM, Davey MJ, Mann DL, Landry SA, Edwards BA, Horne RSC. Children with down syndrome and sleep disordered breathing display impairments in ventilatory control. Sleep Med. 2021 Jan;77:161-169. doi: 10.1016\/j.sleep.2020.12.005. Epub 2020 Dec 8. PMID: 33373902.<\/li><li>Thottam PJ, Choi S, Simons JP, Kitsko DJ. Effect of Adenotonsillectomy on Central and Obstructive Sleep Apnea in Children with Down Syndrome. Otolaryngol Head Neck Surg. 2015 Oct;153(4):644-8. doi: 10.1177\/0194599815587877. Epub 2015 Jun 4. PMID: 26044789.<\/li><li>Trucco F, Chatwin M, Semple T, Rosenthal M, Bush A, Tan HL. Sleep disordered breathing and ventilatory support in children with Down syndrome. Pediatr Pulmonol. 2018 Oct;53(10):1414-1421. doi: 10.1002\/ppul.24122. Epub 2018 Jul 10. PMID: 29992744.<\/li><li>Wong W, Rosen D. Isolated mild sleep-associated hypoventilation in children with Down syndrome. Arch Dis Child. 2017 Sep;102(9):821-824. doi: 10.1136\/archdischild-2016-311694. Epub 2017 Apr 13. PMID: 28408467.<\/li><\/ul>\t\t\t\t\t\t\t\t<\/div>\n\t\t\t\t<\/div>\n\t\t\t\t\t<\/div>\n\t\t<\/div>\n\t\t\t\t\t<\/div>\n\t\t<\/section>\n\t\t\t\t<div class=\"elementor-element elementor-element-1d8fbe0 elementor-widget elementor-widget-html\" data-id=\"1d8fbe0\" data-element_type=\"widget\" data-e-type=\"widget\" data-widget_type=\"html.default\">\n\t\t\t\t<div class=\"elementor-widget-container\">\n\t\t\t\t\t<script>\n    jQuery(\".btn-refs\").on(\"click\", function(e){\n        e.preventDefault()\n        jQuery(\".div-refs\").toggleClass(\"div-refs-closed\")\n    })\n<\/script>\n\n<style>\nbody:not(.elementor-editor-active) .div-refs{\n    transition: 0.3s;\n    max-height: 1000px;\n}\n    body:not(.elementor-editor-active) .div-refs-closed{\n        max-height: 0;\n        overflow: hidden !important;\n    }\n<\/style>\t\t\t\t<\/div>\n\t\t\t\t<\/div>\n\t\t\t\t\t<\/div>\n\t\t<\/div>\n\t\t\t\t\t<\/div>\n\t\t<\/section>\n\t\t\t\t<\/div>\n\t\t","protected":false},"excerpt":{"rendered":"<p>RESPIRATORY PATHOLOGIES Central Sleep Apnea, Alveolar Hypoventilation, and Hypoxemia CHAPTER OUTLINE 1- General overview \u00a0 2- Non-Infectious Respiratory Pathologies of the Upper Airways \u00a0 3- Non-Infectious Pathologies of the Lungs and Lower Airways \u00a0 4- Infectious Respiratory Pathologies of the Upper Airways \u00a0 5- Lower respiratory tract infections \u00a0 6- Preventing respiratory tract infections \u00a0 [&hellip;]<\/p>\n","protected":false},"author":14,"featured_media":2105,"comment_status":"open","ping_status":"open","sticky":false,"template":"","format":"standard","meta":{"_acf_changed":false,"inline_featured_image":false,"footnotes":""},"categories":[2],"tags":[],"thematique":[48],"type_contenu":[55],"class_list":["post-2096","post","type-post","status-publish","format-standard","has-post-thumbnail","hentry","category-medecin","thematique-medical-and-paramedical","type_contenu-video-en"],"acf":[],"yoast_head":"<!-- This site is optimized with the Yoast SEO plugin v27.5 - https:\/\/yoast.com\/product\/yoast-seo-wordpress\/ -->\n<title>Central Sleep Apnea, Alveolar Hypoventilation, and Hypoxemia - t21learning<\/title>\n<meta name=\"description\" content=\"RESPIRATORY PATHOLOGIES Central Sleep Apnea, Alveolar Hypoventilation, and Hypoxemia CHAPTER OUTLINE 1- General overview\u00a02- Non-Infectious Respiratory\" \/>\n<meta name=\"robots\" content=\"index, follow, max-snippet:-1, max-image-preview:large, max-video-preview:-1\" \/>\n<link rel=\"canonical\" href=\"https:\/\/t21learning.institutlejeune.org\/en\/central-sleep-apnea-alveolar-hypoventilation-and-hypoxemia\/\" \/>\n<meta property=\"og:locale\" content=\"en_US\" \/>\n<meta property=\"og:type\" content=\"article\" \/>\n<meta property=\"og:title\" content=\"Central Sleep Apnea, Alveolar Hypoventilation, and Hypoxemia - t21learning\" \/>\n<meta property=\"og:description\" content=\"RESPIRATORY PATHOLOGIES Central Sleep Apnea, Alveolar Hypoventilation, and Hypoxemia CHAPTER OUTLINE 1- General overview\u00a02- Non-Infectious Respiratory\" \/>\n<meta property=\"og:url\" content=\"https:\/\/t21learning.institutlejeune.org\/en\/central-sleep-apnea-alveolar-hypoventilation-and-hypoxemia\/\" \/>\n<meta property=\"og:site_name\" content=\"t21learning\" \/>\n<meta property=\"article:publisher\" content=\"https:\/\/www.facebook.com\/institutlejeune\" \/>\n<meta property=\"article:published_time\" content=\"2022-07-22T14:32:07+00:00\" \/>\n<meta property=\"article:modified_time\" content=\"2023-11-22T16:27:36+00:00\" \/>\n<meta property=\"og:image\" content=\"https:\/\/t21learning.institutlejeune.org\/wp-content\/uploads\/2022\/03\/Troubles_sommeil_ACS_HVA_Hypoxemie.jpeg\" \/>\n\t<meta property=\"og:image:width\" content=\"932\" \/>\n\t<meta property=\"og:image:height\" content=\"572\" \/>\n\t<meta property=\"og:image:type\" content=\"image\/jpeg\" \/>\n<meta name=\"author\" content=\"Clotilde\" \/>\n<meta name=\"twitter:card\" content=\"summary_large_image\" \/>\n<meta name=\"twitter:label1\" content=\"Written by\" \/>\n\t<meta name=\"twitter:data1\" content=\"Clotilde\" \/>\n\t<meta name=\"twitter:label2\" content=\"Est. reading time\" \/>\n\t<meta name=\"twitter:data2\" content=\"5 minutes\" \/>\n<!-- \/ Yoast SEO plugin. -->","yoast_head_json":{"title":"Central Sleep Apnea, Alveolar Hypoventilation, and Hypoxemia - t21learning","description":"RESPIRATORY PATHOLOGIES Central Sleep Apnea, Alveolar Hypoventilation, and Hypoxemia CHAPTER OUTLINE 1- General overview\u00a02- Non-Infectious Respiratory","robots":{"index":"index","follow":"follow","max-snippet":"max-snippet:-1","max-image-preview":"max-image-preview:large","max-video-preview":"max-video-preview:-1"},"canonical":"https:\/\/t21learning.institutlejeune.org\/en\/central-sleep-apnea-alveolar-hypoventilation-and-hypoxemia\/","og_locale":"en_US","og_type":"article","og_title":"Central Sleep Apnea, Alveolar Hypoventilation, and Hypoxemia - t21learning","og_description":"RESPIRATORY PATHOLOGIES Central Sleep Apnea, Alveolar Hypoventilation, and Hypoxemia CHAPTER OUTLINE 1- General overview\u00a02- Non-Infectious Respiratory","og_url":"https:\/\/t21learning.institutlejeune.org\/en\/central-sleep-apnea-alveolar-hypoventilation-and-hypoxemia\/","og_site_name":"t21learning","article_publisher":"https:\/\/www.facebook.com\/institutlejeune","article_published_time":"2022-07-22T14:32:07+00:00","article_modified_time":"2023-11-22T16:27:36+00:00","og_image":[{"width":932,"height":572,"url":"https:\/\/t21learning.institutlejeune.org\/wp-content\/uploads\/2022\/03\/Troubles_sommeil_ACS_HVA_Hypoxemie.jpeg","type":"image\/jpeg"}],"author":"Clotilde","twitter_card":"summary_large_image","twitter_misc":{"Written by":"Clotilde","Est. reading time":"5 minutes"},"schema":{"@context":"https:\/\/schema.org","@graph":[{"@type":"Article","@id":"https:\/\/t21learning.institutlejeune.org\/en\/central-sleep-apnea-alveolar-hypoventilation-and-hypoxemia\/#article","isPartOf":{"@id":"https:\/\/t21learning.institutlejeune.org\/en\/central-sleep-apnea-alveolar-hypoventilation-and-hypoxemia\/"},"author":{"name":"Clotilde","@id":"https:\/\/t21learning.institutlejeune.org\/en\/#\/schema\/person\/6e7e4ac2afcbc44ac9a5023ccda1523d"},"headline":"Central Sleep Apnea, Alveolar Hypoventilation, and Hypoxemia","datePublished":"2022-07-22T14:32:07+00:00","dateModified":"2023-11-22T16:27:36+00:00","mainEntityOfPage":{"@id":"https:\/\/t21learning.institutlejeune.org\/en\/central-sleep-apnea-alveolar-hypoventilation-and-hypoxemia\/"},"wordCount":849,"commentCount":0,"publisher":{"@id":"https:\/\/t21learning.institutlejeune.org\/en\/#organization"},"image":{"@id":"https:\/\/t21learning.institutlejeune.org\/en\/central-sleep-apnea-alveolar-hypoventilation-and-hypoxemia\/#primaryimage"},"thumbnailUrl":"https:\/\/t21learning.institutlejeune.org\/wp-content\/uploads\/2022\/03\/Troubles_sommeil_ACS_HVA_Hypoxemie.jpeg","articleSection":["M\u00e9decin"],"inLanguage":"en-US","potentialAction":[{"@type":"CommentAction","name":"Comment","target":["https:\/\/t21learning.institutlejeune.org\/en\/central-sleep-apnea-alveolar-hypoventilation-and-hypoxemia\/#respond"]}]},{"@type":"WebPage","@id":"https:\/\/t21learning.institutlejeune.org\/en\/central-sleep-apnea-alveolar-hypoventilation-and-hypoxemia\/","url":"https:\/\/t21learning.institutlejeune.org\/en\/central-sleep-apnea-alveolar-hypoventilation-and-hypoxemia\/","name":"Central Sleep Apnea, Alveolar Hypoventilation, and Hypoxemia - t21learning","isPartOf":{"@id":"https:\/\/t21learning.institutlejeune.org\/en\/#website"},"primaryImageOfPage":{"@id":"https:\/\/t21learning.institutlejeune.org\/en\/central-sleep-apnea-alveolar-hypoventilation-and-hypoxemia\/#primaryimage"},"image":{"@id":"https:\/\/t21learning.institutlejeune.org\/en\/central-sleep-apnea-alveolar-hypoventilation-and-hypoxemia\/#primaryimage"},"thumbnailUrl":"https:\/\/t21learning.institutlejeune.org\/wp-content\/uploads\/2022\/03\/Troubles_sommeil_ACS_HVA_Hypoxemie.jpeg","datePublished":"2022-07-22T14:32:07+00:00","dateModified":"2023-11-22T16:27:36+00:00","description":"RESPIRATORY PATHOLOGIES Central Sleep Apnea, Alveolar Hypoventilation, and Hypoxemia CHAPTER OUTLINE 1- General overview\u00a02- Non-Infectious Respiratory","breadcrumb":{"@id":"https:\/\/t21learning.institutlejeune.org\/en\/central-sleep-apnea-alveolar-hypoventilation-and-hypoxemia\/#breadcrumb"},"inLanguage":"en-US","potentialAction":[{"@type":"ReadAction","target":["https:\/\/t21learning.institutlejeune.org\/en\/central-sleep-apnea-alveolar-hypoventilation-and-hypoxemia\/"]}]},{"@type":"ImageObject","inLanguage":"en-US","@id":"https:\/\/t21learning.institutlejeune.org\/en\/central-sleep-apnea-alveolar-hypoventilation-and-hypoxemia\/#primaryimage","url":"https:\/\/t21learning.institutlejeune.org\/wp-content\/uploads\/2022\/03\/Troubles_sommeil_ACS_HVA_Hypoxemie.jpeg","contentUrl":"https:\/\/t21learning.institutlejeune.org\/wp-content\/uploads\/2022\/03\/Troubles_sommeil_ACS_HVA_Hypoxemie.jpeg","width":932,"height":572},{"@type":"BreadcrumbList","@id":"https:\/\/t21learning.institutlejeune.org\/en\/central-sleep-apnea-alveolar-hypoventilation-and-hypoxemia\/#breadcrumb","itemListElement":[{"@type":"ListItem","position":1,"name":"Accueil","item":"https:\/\/t21learning.institutlejeune.org\/en\/"},{"@type":"ListItem","position":2,"name":"Central Sleep Apnea, Alveolar Hypoventilation, and Hypoxemia"}]},{"@type":"WebSite","@id":"https:\/\/t21learning.institutlejeune.org\/en\/#website","url":"https:\/\/t21learning.institutlejeune.org\/en\/","name":"t21learning","description":"Le centre de ressources en ligne de l&#039;Institut J\u00e9r\u00f4me Lejeune","publisher":{"@id":"https:\/\/t21learning.institutlejeune.org\/en\/#organization"},"potentialAction":[{"@type":"SearchAction","target":{"@type":"EntryPoint","urlTemplate":"https:\/\/t21learning.institutlejeune.org\/en\/?s={search_term_string}"},"query-input":{"@type":"PropertyValueSpecification","valueRequired":true,"valueName":"search_term_string"}}],"inLanguage":"en-US"},{"@type":"Organization","@id":"https:\/\/t21learning.institutlejeune.org\/en\/#organization","name":"t21learning","url":"https:\/\/t21learning.institutlejeune.org\/en\/","logo":{"@type":"ImageObject","inLanguage":"en-US","@id":"https:\/\/t21learning.institutlejeune.org\/en\/#\/schema\/logo\/image\/","url":"https:\/\/t21learning.institutlejeune.org\/wp-content\/uploads\/2021\/11\/t21learning_R.svg","contentUrl":"https:\/\/t21learning.institutlejeune.org\/wp-content\/uploads\/2021\/11\/t21learning_R.svg","width":1,"height":1,"caption":"t21learning"},"image":{"@id":"https:\/\/t21learning.institutlejeune.org\/en\/#\/schema\/logo\/image\/"},"sameAs":["https:\/\/www.facebook.com\/institutlejeune"]},{"@type":"Person","@id":"https:\/\/t21learning.institutlejeune.org\/en\/#\/schema\/person\/6e7e4ac2afcbc44ac9a5023ccda1523d","name":"Clotilde","image":{"@type":"ImageObject","inLanguage":"en-US","@id":"https:\/\/secure.gravatar.com\/avatar\/3307cbfcf7d5623221a54641cb856945193597ac5287d1a6efd52f4ac7ab8a50?s=96&d=mm&r=g","url":"https:\/\/secure.gravatar.com\/avatar\/3307cbfcf7d5623221a54641cb856945193597ac5287d1a6efd52f4ac7ab8a50?s=96&d=mm&r=g","contentUrl":"https:\/\/secure.gravatar.com\/avatar\/3307cbfcf7d5623221a54641cb856945193597ac5287d1a6efd52f4ac7ab8a50?s=96&d=mm&r=g","caption":"Clotilde"}}]}},"_links":{"self":[{"href":"https:\/\/t21learning.institutlejeune.org\/en\/wp-json\/wp\/v2\/posts\/2096","targetHints":{"allow":["GET"]}}],"collection":[{"href":"https:\/\/t21learning.institutlejeune.org\/en\/wp-json\/wp\/v2\/posts"}],"about":[{"href":"https:\/\/t21learning.institutlejeune.org\/en\/wp-json\/wp\/v2\/types\/post"}],"author":[{"embeddable":true,"href":"https:\/\/t21learning.institutlejeune.org\/en\/wp-json\/wp\/v2\/users\/14"}],"replies":[{"embeddable":true,"href":"https:\/\/t21learning.institutlejeune.org\/en\/wp-json\/wp\/v2\/comments?post=2096"}],"version-history":[{"count":16,"href":"https:\/\/t21learning.institutlejeune.org\/en\/wp-json\/wp\/v2\/posts\/2096\/revisions"}],"predecessor-version":[{"id":5703,"href":"https:\/\/t21learning.institutlejeune.org\/en\/wp-json\/wp\/v2\/posts\/2096\/revisions\/5703"}],"wp:featuredmedia":[{"embeddable":true,"href":"https:\/\/t21learning.institutlejeune.org\/en\/wp-json\/wp\/v2\/media\/2105"}],"wp:attachment":[{"href":"https:\/\/t21learning.institutlejeune.org\/en\/wp-json\/wp\/v2\/media?parent=2096"}],"wp:term":[{"taxonomy":"category","embeddable":true,"href":"https:\/\/t21learning.institutlejeune.org\/en\/wp-json\/wp\/v2\/categories?post=2096"},{"taxonomy":"post_tag","embeddable":true,"href":"https:\/\/t21learning.institutlejeune.org\/en\/wp-json\/wp\/v2\/tags?post=2096"},{"taxonomy":"thematique","embeddable":true,"href":"https:\/\/t21learning.institutlejeune.org\/en\/wp-json\/wp\/v2\/thematique?post=2096"},{"taxonomy":"type_contenu","embeddable":true,"href":"https:\/\/t21learning.institutlejeune.org\/en\/wp-json\/wp\/v2\/type_contenu?post=2096"}],"curies":[{"name":"wp","href":"https:\/\/api.w.org\/{rel}","templated":true}]}}